{"id":421,"date":"2016-01-21T13:05:56","date_gmt":"2016-01-21T13:05:56","guid":{"rendered":"http:\/\/crosstownmedia.se\/?p=421"},"modified":"2022-06-28T17:32:26","modified_gmt":"2022-06-28T15:32:26","slug":"nej-krosa-maja-brukar-inte-ha-ratt","status":"publish","type":"post","link":"https:\/\/vinklad.se\/index.php\/2016\/01\/21\/nej-krosa-maja-brukar-inte-ha-ratt\/","title":{"rendered":"Nej, Kr\u00f6sa-Maja brukar inte ha r\u00e4tt"},"content":{"rendered":"<p>\u2013 Prisrallyt f\u00f6r bost\u00e4der kan vara \u00f6ver, s\u00e4ger SKOP:s analytiker docent \u00d6rjan Hult\u00e5ker i en artikel l\u00e4ngre ner i dagens nyhetsbrev. Slutsatsen bygger han p\u00e5 vad m\u00e4nniskor s\u00e4ger att de tror i en av alla dessa opinionsm\u00e4tningar.<br \/>\nKanske \u00e4r det s\u00e5. Kanske l\u00e4gger Kina, oljepriset och nedg\u00e5ngen p\u00e5 aktiemarknaden sordin p\u00e5 st\u00e4mningen \u00e4ven p\u00e5 bomarknaden h\u00e4r hemma hos oss. Kanske inte. F\u00f6r egen del \u00e4r jag dock ingen anh\u00e4ngare av varken &#8220;borally&#8221; eller de svartm\u00e5lningar som olika Kr\u00f6sa-Major brukar komma med n\u00e4r det bl\u00e5ser \u00e5t andra h\u00e5llet.<br \/>\nAtt k\u00f6pa och s\u00e4lja bost\u00e4der \u00e4r f\u00f6r viktigt f\u00f6r att f\u00f6rvandlas till hasard och d\u00e4rf\u00f6r hoppas jag att tonl\u00e4get i v\u00e5r blir l\u00e4gre \u00e4n under f\u00f6rra \u00e5ret och att vi slipper mediernas krigsrubriker. I den andan ser jag fram emot att vi ses d\u00e4r ute!<\/p>\n<p>PS. Om du kan din Emil i L\u00f6nneberga vet du att Kr\u00f6sa-Maja brukade larma om att kometen snart skulle sl\u00e5 her i bygden, men s\u00e4llan hade r\u00e4tt.<\/p>\n","protected":false},"excerpt":{"rendered":"<p>\u2013 Prisrallyt f\u00f6r bost\u00e4der kan vara \u00f6ver, s\u00e4ger SKOP:s analytiker docent \u00d6rjan Hult\u00e5ker i en artikel l\u00e4ngre ner i dagens nyhetsbrev. Slutsatsen bygger han p\u00e5 vad m\u00e4nniskor s\u00e4ger att de tror i en av alla dessa opinionsm\u00e4tningar. Kanske \u00e4r det s\u00e5. Kanske l\u00e4gger Kina, oljepriset och nedg\u00e5ngen p\u00e5 aktiemarknaden sordin p\u00e5 st\u00e4mningen \u00e4ven p\u00e5 bomarknaden [&hellip;]<\/p>\n","protected":false},"author":2,"featured_media":52488,"comment_status":"closed","ping_status":"closed","sticky":false,"template":"","format":"standard","meta":{"_et_pb_use_builder":"","_et_pb_old_content":"","_et_gb_content_width":"","footnotes":""},"categories":[8,9],"tags":[],"class_list":["post-421","post","type-post","status-publish","format-standard","has-post-thumbnail","hentry","category-kronika","category-mathias-lindblad","et-has-post-format-content","et_post_format-et-post-format-standard"],"_links":{"self":[{"href":"https:\/\/vinklad.se\/index.php\/wp-json\/wp\/v2\/posts\/421","targetHints":{"allow":["GET"]}}],"collection":[{"href":"https:\/\/vinklad.se\/index.php\/wp-json\/wp\/v2\/posts"}],"about":[{"href":"https:\/\/vinklad.se\/index.php\/wp-json\/wp\/v2\/types\/post"}],"author":[{"embeddable":true,"href":"https:\/\/vinklad.se\/index.php\/wp-json\/wp\/v2\/users\/2"}],"replies":[{"embeddable":true,"href":"https:\/\/vinklad.se\/index.php\/wp-json\/wp\/v2\/comments?post=421"}],"version-history":[{"count":0,"href":"https:\/\/vinklad.se\/index.php\/wp-json\/wp\/v2\/posts\/421\/revisions"}],"wp:featuredmedia":[{"embeddable":true,"href":"https:\/\/vinklad.se\/index.php\/wp-json\/wp\/v2\/media\/52488"}],"wp:attachment":[{"href":"https:\/\/vinklad.se\/index.php\/wp-json\/wp\/v2\/media?parent=421"}],"wp:term":[{"taxonomy":"category","embeddable":true,"href":"https:\/\/vinklad.se\/index.php\/wp-json\/wp\/v2\/categories?post=421"},{"taxonomy":"post_tag","embeddable":true,"href":"https:\/\/vinklad.se\/index.php\/wp-json\/wp\/v2\/tags?post=421"}],"curies":[{"name":"wp","href":"https:\/\/api.w.org\/{rel}","templated":true}]}}