{"id":423,"date":"2016-02-21T13:09:33","date_gmt":"2016-02-21T13:09:33","guid":{"rendered":"http:\/\/crosstownmedia.se\/?p=423"},"modified":"2022-06-28T17:32:26","modified_gmt":"2022-06-28T15:32:26","slug":"koket-har-blivit-vart-nya-var-dags-rum-eller-hur","status":"publish","type":"post","link":"https:\/\/vinklad.se\/index.php\/2016\/02\/21\/koket-har-blivit-vart-nya-var-dags-rum-eller-hur\/","title":{"rendered":"\u2013 K\u00f6ket har blivit v\u00e5rt nya var-dags-rum, eller hur?"},"content":{"rendered":"<p>L\u00e4ste h\u00e4rom veckan en unders\u00f6kning som visar att det f\u00f6rsta vi t\u00e4nker p\u00e5, n\u00e4r vi funderar p\u00e5 att skaffa oss ett nytt boende, \u00e4r k\u00f6ket. Fler \u00e4n sju av tio bostadsj\u00e4gare anger att bra f\u00f6ruts\u00e4ttningar f\u00f6r att laga mat \u00e4r viktigast. D\u00e4refter kommer rum f\u00f6r avkoppling och s\u00f6mn (58 %).<br \/>\nSlutsatserna sammanfaller med mina egna erfarenheter. Det \u00e4r sl\u00e5ende hur ofta hugade spekulanter flockas just i k\u00f6ken p\u00e5 v\u00e5ra visningar. \u00c4ven privat uppt\u00e4cker man ju hur ofta vi numera samlas i k\u00f6ket, trots att v\u00e4rdparet har dukat upp i vardagsrummet. K\u00f6ket har blivit v\u00e5rt nya var-dags-rum.<br \/>\nM\u00f6jligen beror det p\u00e5 alla mat- och kockprogram som bjuder in oss i TV-apparaterna. Kanske \u00e4r det ett nytt fenomen, men kanske beror fenomenet p\u00e5 att bostadsbyggarna \u00e4ntligen f\u00f6rst\u00e5tt att innerst inne saknar vi moderna m\u00e4nniskor det gamla bondek\u00f6kets gemenskap. Vad tror du?<\/p>\n","protected":false},"excerpt":{"rendered":"<p>L\u00e4ste h\u00e4rom veckan en unders\u00f6kning som visar att det f\u00f6rsta vi t\u00e4nker p\u00e5, n\u00e4r vi funderar p\u00e5 att skaffa oss ett nytt boende, \u00e4r k\u00f6ket. Fler \u00e4n sju av tio bostadsj\u00e4gare anger att bra f\u00f6ruts\u00e4ttningar f\u00f6r att laga mat \u00e4r viktigast. D\u00e4refter kommer rum f\u00f6r avkoppling och s\u00f6mn (58 %). Slutsatserna sammanfaller med mina egna [&hellip;]<\/p>\n","protected":false},"author":2,"featured_media":52488,"comment_status":"closed","ping_status":"closed","sticky":false,"template":"","format":"standard","meta":{"_et_pb_use_builder":"","_et_pb_old_content":"","_et_gb_content_width":"","footnotes":""},"categories":[8],"tags":[],"class_list":["post-423","post","type-post","status-publish","format-standard","has-post-thumbnail","hentry","category-kronika","et-has-post-format-content","et_post_format-et-post-format-standard"],"_links":{"self":[{"href":"https:\/\/vinklad.se\/index.php\/wp-json\/wp\/v2\/posts\/423","targetHints":{"allow":["GET"]}}],"collection":[{"href":"https:\/\/vinklad.se\/index.php\/wp-json\/wp\/v2\/posts"}],"about":[{"href":"https:\/\/vinklad.se\/index.php\/wp-json\/wp\/v2\/types\/post"}],"author":[{"embeddable":true,"href":"https:\/\/vinklad.se\/index.php\/wp-json\/wp\/v2\/users\/2"}],"replies":[{"embeddable":true,"href":"https:\/\/vinklad.se\/index.php\/wp-json\/wp\/v2\/comments?post=423"}],"version-history":[{"count":0,"href":"https:\/\/vinklad.se\/index.php\/wp-json\/wp\/v2\/posts\/423\/revisions"}],"wp:featuredmedia":[{"embeddable":true,"href":"https:\/\/vinklad.se\/index.php\/wp-json\/wp\/v2\/media\/52488"}],"wp:attachment":[{"href":"https:\/\/vinklad.se\/index.php\/wp-json\/wp\/v2\/media?parent=423"}],"wp:term":[{"taxonomy":"category","embeddable":true,"href":"https:\/\/vinklad.se\/index.php\/wp-json\/wp\/v2\/categories?post=423"},{"taxonomy":"post_tag","embeddable":true,"href":"https:\/\/vinklad.se\/index.php\/wp-json\/wp\/v2\/tags?post=423"}],"curies":[{"name":"wp","href":"https:\/\/api.w.org\/{rel}","templated":true}]}}