{"id":426,"date":"2016-05-21T13:12:53","date_gmt":"2016-05-21T13:12:53","guid":{"rendered":"http:\/\/crosstownmedia.se\/?p=426"},"modified":"2022-06-28T17:32:26","modified_gmt":"2022-06-28T15:32:26","slug":"vi-valkomnar-bostadsministern-till-en-spannande-marknad-men","status":"publish","type":"post","link":"https:\/\/vinklad.se\/index.php\/2016\/05\/21\/vi-valkomnar-bostadsministern-till-en-spannande-marknad-men\/","title":{"rendered":"Vi v\u00e4lkomnar bostadsministern till en sp\u00e4nnande marknad, men&#8230;"},"content":{"rendered":"<p>D\u00e5 har vi allts\u00e5 f\u00e5tt en ny bostadsminister. <strong>Peter Eriksson<\/strong> \u00e4r som vi vet en av Milj\u00f6partiets mest rutinerade och erfarna politiker. Dessutom \u00e4r han norrl\u00e4nning, som statsministern p\u00e5pekade vid sin presskonferens.<br \/>\nDet senare \u00e4r f\u00f6rhoppningsvis inte hans fr\u00e4msta merit. Att bli utsedd till bostadsminister \u00e4r det enkla delen av jobbet. M\u00e5nga har som bekant k\u00e4nt sig kallade \u2013 f\u00e4rre bostadsministrar har dock g\u00e5tt till historien f\u00f6r n\u00e5gra mirakell\u00f6sningar.<br \/>\n&#8220;Tillsammans kommer jag och Peter Eriksson kalla till oss representanter f\u00f6r bostadssektorn f\u00f6r att se vilka hinder som finns f\u00f6r byggandet&#8221;, lovade statsministern och bostadsministern har utlovat &#8220;nya dj\u00e4rva grepp&#8221;. Efter turbulensen kring amorteringskravet och andra &#8220;dj\u00e4rva grepp&#8221; hoppas jag f\u00f6r egen del att den nye ministern ska \u00e4lska bostadsmarknaden \u2013 men hellre lite och l\u00e4nge \u00e4n passionerat och kort&#8230;<br \/>\nDen som lever f\u00e5r se och f\u00f6r v\u00e5r del r\u00e5der business as usual. Nedan hittar du som k\u00f6pare n\u00e5gra intressanta erbjudanden. Dessutom de senaste nyheterna fr\u00e5n en sp\u00e4nnande marknad som blommar, nya ministrar till trots.<\/p>\n","protected":false},"excerpt":{"rendered":"<p>D\u00e5 har vi allts\u00e5 f\u00e5tt en ny bostadsminister. Peter Eriksson \u00e4r som vi vet en av Milj\u00f6partiets mest rutinerade och erfarna politiker. Dessutom \u00e4r han norrl\u00e4nning, som statsministern p\u00e5pekade vid sin presskonferens. Det senare \u00e4r f\u00f6rhoppningsvis inte hans fr\u00e4msta merit. Att bli utsedd till bostadsminister \u00e4r det enkla delen av jobbet. M\u00e5nga har som bekant [&hellip;]<\/p>\n","protected":false},"author":2,"featured_media":52488,"comment_status":"closed","ping_status":"closed","sticky":false,"template":"","format":"standard","meta":{"_et_pb_use_builder":"","_et_pb_old_content":"","_et_gb_content_width":"","footnotes":""},"categories":[8],"tags":[],"class_list":["post-426","post","type-post","status-publish","format-standard","has-post-thumbnail","hentry","category-kronika","et-has-post-format-content","et_post_format-et-post-format-standard"],"_links":{"self":[{"href":"https:\/\/vinklad.se\/index.php\/wp-json\/wp\/v2\/posts\/426","targetHints":{"allow":["GET"]}}],"collection":[{"href":"https:\/\/vinklad.se\/index.php\/wp-json\/wp\/v2\/posts"}],"about":[{"href":"https:\/\/vinklad.se\/index.php\/wp-json\/wp\/v2\/types\/post"}],"author":[{"embeddable":true,"href":"https:\/\/vinklad.se\/index.php\/wp-json\/wp\/v2\/users\/2"}],"replies":[{"embeddable":true,"href":"https:\/\/vinklad.se\/index.php\/wp-json\/wp\/v2\/comments?post=426"}],"version-history":[{"count":0,"href":"https:\/\/vinklad.se\/index.php\/wp-json\/wp\/v2\/posts\/426\/revisions"}],"wp:featuredmedia":[{"embeddable":true,"href":"https:\/\/vinklad.se\/index.php\/wp-json\/wp\/v2\/media\/52488"}],"wp:attachment":[{"href":"https:\/\/vinklad.se\/index.php\/wp-json\/wp\/v2\/media?parent=426"}],"wp:term":[{"taxonomy":"category","embeddable":true,"href":"https:\/\/vinklad.se\/index.php\/wp-json\/wp\/v2\/categories?post=426"},{"taxonomy":"post_tag","embeddable":true,"href":"https:\/\/vinklad.se\/index.php\/wp-json\/wp\/v2\/tags?post=426"}],"curies":[{"name":"wp","href":"https:\/\/api.w.org\/{rel}","templated":true}]}}