{"id":54128,"date":"2020-02-04T13:42:47","date_gmt":"2020-02-04T13:42:47","guid":{"rendered":"https:\/\/vinklad.se\/?p=54128"},"modified":"2022-06-28T21:22:38","modified_gmt":"2022-06-28T19:22:38","slug":"familjebostader-siktar-pa-nyckelfritt-ar-2025","status":"publish","type":"post","link":"https:\/\/vinklad.se\/index.php\/2020\/02\/04\/familjebostader-siktar-pa-nyckelfritt-ar-2025\/","title":{"rendered":"Familjebost\u00e4der siktar p\u00e5 nyckelfritt \u00e5r 2025"},"content":{"rendered":"<p><strong>Familjebost\u00e4der inleder nu arbetet med att bli nyckelfria. Det f\u00f6rsta steget \u00e4r att bjuda in marknaden till en dialog, d\u00e4refter sker upphandling av smarta l\u00e5s som tj\u00e4nst. M\u00e5ls\u00e4ttningen \u00e4r att etappvis inf\u00f6ra e-l\u00e5s p\u00e5 alla l\u00e4genhetsd\u00f6rrar med sikte p\u00e5 ett nyckelfritt 2025.<\/strong><\/p>\n<p>&#8211;<em>Samh\u00e4llsutvecklingen med \u00f6kad grad av digitalisering och ny teknik skapar nya f\u00f6rv\u00e4ntningar och krav hos v\u00e5ra hyresg\u00e4ster. E-l\u00e5s \u00f6kar tryggheten och kan utveckla servicen f\u00f6r v\u00e5ra hyresg\u00e4ster, samtidigt som vi kan effektivisera arbetss\u00e4tt kring dagens nyckelhantering, s\u00e4ger <strong>Jonas Schneider<\/strong>, VD Familjebost\u00e4der.\u00a0<\/em><\/p>\n<p>F\u00f6r hyresg\u00e4sten \u00e4r den stora f\u00f6rdelen en enklare och tryggare vardag med m\u00f6jligheten att nyttja tj\u00e4nster och service i hemmet. Om nyckeln tappas bort \u00e4r det enkelt att sp\u00e4rra den och f\u00e5 en ny kod. Hyresg\u00e4sten kan ocks\u00e5 v\u00e4lja att sl\u00e4ppa in n\u00e4rst\u00e5ende, leverant\u00f6rer eller till exempel hemtj\u00e4nst i l\u00e4genheten \u00e4ven n\u00e4r de inte \u00e4r hemma. F\u00f6r Familjebost\u00e4der kan arbetss\u00e4tt effektiviseras ytterligare, dagens nyckelhantering \u00e4r b\u00e5de kostsam och tidskr\u00e4vande.<\/p>\n<p>&#8211;<em>Idag har 85 procent av fastigheternas portar elektroniska l\u00e5s och det h\u00e4r blir nu bolagets n\u00e4sta steg. Vi ger oss ut och pr\u00f6var marknaden och vi hoppas kunna sluta ett avtal med r\u00e4tt leverant\u00f6r under h\u00f6sten. D\u00e4refter sker ett etappvist inf\u00f6rande av l\u00e5sen i hela fastighetsbest\u00e5ndet, s\u00e4ger <strong>Susanne Kilgren<\/strong>, chef digital utveckling.\u00a0<\/em><\/p>\n","protected":false},"excerpt":{"rendered":"<p>\u2013 E-l\u00e5s \u00f6kar tryggheten och kan utveckla servicen f\u00f6r v\u00e5ra hyresg\u00e4ster, samtidigt som vi kan effektivisera arbetss\u00e4tt kring dagens nyckelhantering, s\u00e4ger Jonas Schneider, VD Familjebost\u00e4der.\u00a0<\/p>\n","protected":false},"author":2,"featured_media":54130,"comment_status":"closed","ping_status":"open","sticky":false,"template":"","format":"standard","meta":{"_et_pb_use_builder":"","_et_pb_old_content":"","_et_gb_content_width":"","footnotes":""},"categories":[17],"tags":[2399],"class_list":["post-54128","post","type-post","status-publish","format-standard","has-post-thumbnail","hentry","category-teknik","tag-familjebostader","et-has-post-format-content","et_post_format-et-post-format-standard"],"_links":{"self":[{"href":"https:\/\/vinklad.se\/index.php\/wp-json\/wp\/v2\/posts\/54128","targetHints":{"allow":["GET"]}}],"collection":[{"href":"https:\/\/vinklad.se\/index.php\/wp-json\/wp\/v2\/posts"}],"about":[{"href":"https:\/\/vinklad.se\/index.php\/wp-json\/wp\/v2\/types\/post"}],"author":[{"embeddable":true,"href":"https:\/\/vinklad.se\/index.php\/wp-json\/wp\/v2\/users\/2"}],"replies":[{"embeddable":true,"href":"https:\/\/vinklad.se\/index.php\/wp-json\/wp\/v2\/comments?post=54128"}],"version-history":[{"count":0,"href":"https:\/\/vinklad.se\/index.php\/wp-json\/wp\/v2\/posts\/54128\/revisions"}],"wp:featuredmedia":[{"embeddable":true,"href":"https:\/\/vinklad.se\/index.php\/wp-json\/wp\/v2\/media\/54130"}],"wp:attachment":[{"href":"https:\/\/vinklad.se\/index.php\/wp-json\/wp\/v2\/media?parent=54128"}],"wp:term":[{"taxonomy":"category","embeddable":true,"href":"https:\/\/vinklad.se\/index.php\/wp-json\/wp\/v2\/categories?post=54128"},{"taxonomy":"post_tag","embeddable":true,"href":"https:\/\/vinklad.se\/index.php\/wp-json\/wp\/v2\/tags?post=54128"}],"curies":[{"name":"wp","href":"https:\/\/api.w.org\/{rel}","templated":true}]}}