{"id":566,"date":"2015-09-21T18:21:23","date_gmt":"2015-09-21T18:21:23","guid":{"rendered":"http:\/\/crosstownmedia.se\/?p=566"},"modified":"2022-06-28T17:32:26","modified_gmt":"2022-06-28T15:32:26","slug":"en-motbild-till-bubbeljournalistiken","status":"publish","type":"post","link":"https:\/\/vinklad.se\/index.php\/2015\/09\/21\/en-motbild-till-bubbeljournalistiken\/","title":{"rendered":"En motbild till bubbeljournalistiken"},"content":{"rendered":"<p>&#8220;<strong>Het sommar \u2013 men h\u00f6sten blir hetare&#8221;, &#8220;Bostadspriserna mot nya rekord&#8221;, men ocks\u00e5 &#8220;Minskat ROT hot mot villa\u00e4gare&#8221; och &#8220;Amorteringskrav drabbar unga&#8221;<br \/>\n<\/strong><br \/>\nTidningsrubrikerna \u00e4r som vanligt m\u00e5nga och l\u00e5nar superlativen fr\u00e5n sportjournalistiken. Att f\u00f6rst\u00e5 bostadsmarknaden utifr\u00e5n massmedierna \u00e4r f\u00f6rvirrande,\u00a0f\u00f6r den som st\u00e5r i begrepp att k\u00f6pa eller s\u00e4lja sin bostad.\u00a0Utbudet, prisbilden och den politiska diskussionen om den s\u00e5 kallade bobubblan g\u00f6r att h\u00f6sten blir b\u00e5de intressant och inte utan risker. Det \u00e4r d\u00e4rf\u00f6r vi h\u00e4r p\u00e5 ERA Norrt\u00e4lje startat det h\u00e4r nyhetsbrevet.<\/p>\n<p>Jag och mina kollegor kan se tillbaka p\u00e5 ett framg\u00e5ngsrikt \u00e5r med n\u00f6jda kunder. Men vi har ocks\u00e5 m\u00e4rkt att &#8220;bubbel &amp; rekordjournalistiken&#8221; skapat en viss oro hos en del k\u00f6pare och s\u00e4ljare. Hur l\u00e4nge kommer prisbilden att h\u00e5lla i sig?<br \/>\nDet raka svarat \u00e4r: det vet ingen. Men mitt andra svar \u00e4r lika rakt: Oavsett hur marknaden utvecklas h\u00e4r i stan kommer jag och mina kollegor g\u00f6ra allt f\u00f6r du ska g\u00f6ra b\u00e4sta m\u00f6jliga aff\u00e4r. Och f\u00f6r att h\u00e5lla kontakten mellan visningarna d\u00e4r ute vill vi g\u00e4rna h\u00e5lla dig informerad om vad som h\u00e4nder d\u00e4r ut genom Nyhetsbrevet. Trevlig l\u00e4sning och h\u00f6r g\u00e4rna av dig om fr\u00e5gor och tips om saker du vill veta mer om.<\/p>\n","protected":false},"excerpt":{"rendered":"<p>&#8220;Het sommar \u2013 men h\u00f6sten blir hetare&#8221;, &#8220;Bostadspriserna mot nya rekord&#8221;, men ocks\u00e5 &#8220;Minskat ROT hot mot villa\u00e4gare&#8221; och &#8220;Amorteringskrav drabbar unga&#8221; Tidningsrubrikerna \u00e4r som vanligt m\u00e5nga och l\u00e5nar superlativen fr\u00e5n sportjournalistiken. Att f\u00f6rst\u00e5 bostadsmarknaden utifr\u00e5n massmedierna \u00e4r f\u00f6rvirrande,\u00a0f\u00f6r den som st\u00e5r i begrepp att k\u00f6pa eller s\u00e4lja sin bostad.\u00a0Utbudet, prisbilden och den politiska diskussionen [&hellip;]<\/p>\n","protected":false},"author":2,"featured_media":52488,"comment_status":"closed","ping_status":"closed","sticky":false,"template":"","format":"standard","meta":{"_et_pb_use_builder":"","_et_pb_old_content":"","_et_gb_content_width":"","footnotes":""},"categories":[8],"tags":[],"class_list":["post-566","post","type-post","status-publish","format-standard","has-post-thumbnail","hentry","category-kronika","et-has-post-format-content","et_post_format-et-post-format-standard"],"_links":{"self":[{"href":"https:\/\/vinklad.se\/index.php\/wp-json\/wp\/v2\/posts\/566","targetHints":{"allow":["GET"]}}],"collection":[{"href":"https:\/\/vinklad.se\/index.php\/wp-json\/wp\/v2\/posts"}],"about":[{"href":"https:\/\/vinklad.se\/index.php\/wp-json\/wp\/v2\/types\/post"}],"author":[{"embeddable":true,"href":"https:\/\/vinklad.se\/index.php\/wp-json\/wp\/v2\/users\/2"}],"replies":[{"embeddable":true,"href":"https:\/\/vinklad.se\/index.php\/wp-json\/wp\/v2\/comments?post=566"}],"version-history":[{"count":0,"href":"https:\/\/vinklad.se\/index.php\/wp-json\/wp\/v2\/posts\/566\/revisions"}],"wp:featuredmedia":[{"embeddable":true,"href":"https:\/\/vinklad.se\/index.php\/wp-json\/wp\/v2\/media\/52488"}],"wp:attachment":[{"href":"https:\/\/vinklad.se\/index.php\/wp-json\/wp\/v2\/media?parent=566"}],"wp:term":[{"taxonomy":"category","embeddable":true,"href":"https:\/\/vinklad.se\/index.php\/wp-json\/wp\/v2\/categories?post=566"},{"taxonomy":"post_tag","embeddable":true,"href":"https:\/\/vinklad.se\/index.php\/wp-json\/wp\/v2\/tags?post=566"}],"curies":[{"name":"wp","href":"https:\/\/api.w.org\/{rel}","templated":true}]}}