{"id":568,"date":"2015-11-21T18:24:41","date_gmt":"2015-11-21T18:24:41","guid":{"rendered":"http:\/\/crosstownmedia.se\/?p=568"},"modified":"2022-06-28T17:32:26","modified_gmt":"2022-06-28T15:32:26","slug":"manniskan-ar-inte-dar-hennes-skor-star","status":"publish","type":"post","link":"https:\/\/vinklad.se\/index.php\/2015\/11\/21\/manniskan-ar-inte-dar-hennes-skor-star\/","title":{"rendered":"\u2013 M\u00e4nniskan \u00e4r inte d\u00e4r hennes skor st\u00e5r"},"content":{"rendered":"<p>Det ser ut som en tanke att \u00e5rets julklapp \u00e4r en dammsugare, om \u00e4n en sj\u00e4lvg\u00e5ende. Hur vi bor och har det hemma \u00e4r viktigt. Det handlar inte bara om att vi beh\u00f6ver en plats att sova p\u00e5. N\u00e5gon klok person har sagt att &#8220;Vi lever inte f\u00f6r att bo. Vi bor f\u00f6r att leva. Det viktiga med hur vi bor \u00e4r hur det l\u00e5ter oss leva, hur det p\u00e5verkar raden av vardagar som lagrar sig till v\u00e5ra liv&#8221;.<br \/>\nM\u00e4nniskan \u00e4r inte d\u00e4r hennes skor f\u00f6r tillf\u00e4lligt r\u00e5kar st\u00e5. Forskningen visar att det \u00e4r sant. I en unders\u00f6kning fick ett tv\u00e4rsnitt av befolkningen svara p\u00e5 vad deras bostad betyder f\u00f6r dem. En av fem ans\u00e5g att bostaden i f\u00f6rsta hand \u00e4r &#8220;En plats d\u00e4r jag f\u00f6rvarar saker, sover, sk\u00f6ter kl\u00e4der&#8221;. En stor majoritet kryssade d\u00e4remot f\u00f6r svarsalternativet att mitt hem \u00e4r &#8220;en del av mig sj\u00e4lv och min identitet&#8221;. Jag tror att det \u00e4r s\u00e5 du ocks\u00e5 t\u00e4nker. Men i en tid n\u00e4r allt g\u00e5r i ett rasande tempo finns det anledning att d\u00e5 och d\u00e5 reflektera \u00f6ver vad det egentligen \u00e4r vi dr\u00f6mmer om. Det g\u00e4ller inte minst p\u00e5 en bostadsmarknad, d\u00e4r besluten fattas allt snabbare och pengarna blir allt st\u00f6rre.<\/p>\n","protected":false},"excerpt":{"rendered":"<p>Det ser ut som en tanke att \u00e5rets julklapp \u00e4r en dammsugare, om \u00e4n en sj\u00e4lvg\u00e5ende. Hur vi bor och har det hemma \u00e4r viktigt. Det handlar inte bara om att vi beh\u00f6ver en plats att sova p\u00e5. N\u00e5gon klok person har sagt att &#8220;Vi lever inte f\u00f6r att bo. Vi bor f\u00f6r att leva. [&hellip;]<\/p>\n","protected":false},"author":2,"featured_media":52488,"comment_status":"closed","ping_status":"closed","sticky":false,"template":"","format":"standard","meta":{"_et_pb_use_builder":"","_et_pb_old_content":"","_et_gb_content_width":"","footnotes":""},"categories":[8],"tags":[],"class_list":["post-568","post","type-post","status-publish","format-standard","has-post-thumbnail","hentry","category-kronika","et-has-post-format-content","et_post_format-et-post-format-standard"],"_links":{"self":[{"href":"https:\/\/vinklad.se\/index.php\/wp-json\/wp\/v2\/posts\/568","targetHints":{"allow":["GET"]}}],"collection":[{"href":"https:\/\/vinklad.se\/index.php\/wp-json\/wp\/v2\/posts"}],"about":[{"href":"https:\/\/vinklad.se\/index.php\/wp-json\/wp\/v2\/types\/post"}],"author":[{"embeddable":true,"href":"https:\/\/vinklad.se\/index.php\/wp-json\/wp\/v2\/users\/2"}],"replies":[{"embeddable":true,"href":"https:\/\/vinklad.se\/index.php\/wp-json\/wp\/v2\/comments?post=568"}],"version-history":[{"count":0,"href":"https:\/\/vinklad.se\/index.php\/wp-json\/wp\/v2\/posts\/568\/revisions"}],"wp:featuredmedia":[{"embeddable":true,"href":"https:\/\/vinklad.se\/index.php\/wp-json\/wp\/v2\/media\/52488"}],"wp:attachment":[{"href":"https:\/\/vinklad.se\/index.php\/wp-json\/wp\/v2\/media?parent=568"}],"wp:term":[{"taxonomy":"category","embeddable":true,"href":"https:\/\/vinklad.se\/index.php\/wp-json\/wp\/v2\/categories?post=568"},{"taxonomy":"post_tag","embeddable":true,"href":"https:\/\/vinklad.se\/index.php\/wp-json\/wp\/v2\/tags?post=568"}],"curies":[{"name":"wp","href":"https:\/\/api.w.org\/{rel}","templated":true}]}}