{"id":60222,"date":"2021-06-22T00:00:00","date_gmt":"2021-06-21T22:00:00","guid":{"rendered":"https:\/\/vinklad.se\/?p=60222"},"modified":"2022-06-30T07:43:11","modified_gmt":"2022-06-30T05:43:11","slug":"obos-forvarvar-byggratter-pa-ekero-bygger-130-bostadsratter-i-trakvista","status":"publish","type":"post","link":"https:\/\/vinklad.se\/index.php\/2021\/06\/22\/obos-forvarvar-byggratter-pa-ekero-bygger-130-bostadsratter-i-trakvista\/","title":{"rendered":"Bygger 130 bostadsr\u00e4tter i Tr\u00e4kvista"},"content":{"rendered":"<p>Medlems\u00e4gda OBOS har f\u00f6rv\u00e4rvat ett<a href=\"https:\/\/www.obos.se\/om-obos\/nyheter\/obos-forvarvar-byggratter-pa-ekero-bygger-130-bostadsratter-i-trakvista\"> attraktivt bostadsprojekt vid Tr\u00e4kvista<\/a> torg p\u00e5 Eker\u00f6. OBOS Nya Hem avser att uppf\u00f6ra ca 130 bostadsr\u00e4tter i kvarteret med planerad byggstart senare under h\u00f6sten 2022 och s\u00e4ljstart under v\u00e5ren 2022.<\/p>\n<div>\n<div>\n<div>\n<p>&#8211; Vi \u00e4r glada att kunna erbjuda v\u00e5ra medlemmar attraktiva bost\u00e4der p\u00e5 Eker\u00f6 i ett fantastiskt bra l\u00e4ge, cirka 500 meter fr\u00e5n M\u00e4laren. En del av bost\u00e4derna kommer att s\u00e4ljas genom bok\u00f6pmodellen OBOS Del\u00e4ga som nyligen introducerats i Sverige, i syfte att s\u00e4nka tr\u00f6sklarna och \u00f6ppna d\u00f6rren till det \u00e4gda boendet f\u00f6r fler s\u00e4ger <strong>Sofia Ljungdahl,<\/strong> VD OBOS Nya Hem.<\/p>\n<p>Projektet \u00e4r bel\u00e4get vid Tr\u00e4kvista torg, som \u00e4r en viktig nod p\u00e5 Eker\u00f6. Ambitionen \u00e4r att utveckla omr\u00e5det vid torget och dess n\u00e4rhet till ett lokalt centrum med blandade funktioner, s\u00e5som bost\u00e4der, \u00e4ldreboende, livsmedelsaff\u00e4r och kommersiella lokaler. OBOS projekt kommer p\u00e5 sikt ge ett tillskott om ca 130 l\u00e4genheter i blandade storlekar. Planerad s\u00e4ljstart \u00e4r under v\u00e5ren 2022.<\/p>\n<\/div>\n<\/div>\n<\/div>\n","protected":false},"excerpt":{"rendered":"<p>\ufeffMedlems\u00e4gda OBOS forts\u00e4tter sin tillv\u00e4xtresa i Stockholmsregionen genom ett f\u00f6rv\u00e4rv av ett attraktivt bostadsprojekt vid Tr\u00e4kvista torg p\u00e5 Eker\u00f6. OBOS Nya Hem avser att uppf\u00f6ra ca 130 bostadsr\u00e4tter i kvarteret med planerad byggstart senare under h\u00f6sten 2022 och s\u00e4ljstart under v\u00e5ren 2022.<\/p>\n","protected":false},"author":2,"featured_media":60291,"comment_status":"closed","ping_status":"open","sticky":false,"template":"","format":"standard","meta":{"_et_pb_use_builder":"","_et_pb_old_content":"","_et_gb_content_width":"","footnotes":""},"categories":[793],"tags":[1134],"class_list":["post-60222","post","type-post","status-publish","format-standard","has-post-thumbnail","hentry","category-ekero-lokalnyheter","tag-obos","et-has-post-format-content","et_post_format-et-post-format-standard"],"_links":{"self":[{"href":"https:\/\/vinklad.se\/index.php\/wp-json\/wp\/v2\/posts\/60222","targetHints":{"allow":["GET"]}}],"collection":[{"href":"https:\/\/vinklad.se\/index.php\/wp-json\/wp\/v2\/posts"}],"about":[{"href":"https:\/\/vinklad.se\/index.php\/wp-json\/wp\/v2\/types\/post"}],"author":[{"embeddable":true,"href":"https:\/\/vinklad.se\/index.php\/wp-json\/wp\/v2\/users\/2"}],"replies":[{"embeddable":true,"href":"https:\/\/vinklad.se\/index.php\/wp-json\/wp\/v2\/comments?post=60222"}],"version-history":[{"count":0,"href":"https:\/\/vinklad.se\/index.php\/wp-json\/wp\/v2\/posts\/60222\/revisions"}],"wp:featuredmedia":[{"embeddable":true,"href":"https:\/\/vinklad.se\/index.php\/wp-json\/wp\/v2\/media\/60291"}],"wp:attachment":[{"href":"https:\/\/vinklad.se\/index.php\/wp-json\/wp\/v2\/media?parent=60222"}],"wp:term":[{"taxonomy":"category","embeddable":true,"href":"https:\/\/vinklad.se\/index.php\/wp-json\/wp\/v2\/categories?post=60222"},{"taxonomy":"post_tag","embeddable":true,"href":"https:\/\/vinklad.se\/index.php\/wp-json\/wp\/v2\/tags?post=60222"}],"curies":[{"name":"wp","href":"https:\/\/api.w.org\/{rel}","templated":true}]}}