{"id":66566,"date":"2024-03-11T00:00:00","date_gmt":"2024-03-10T23:00:00","guid":{"rendered":"https:\/\/vinklad.se\/?p=66566"},"modified":"2024-03-13T17:20:51","modified_gmt":"2024-03-13T16:20:51","slug":"geberit-har-tillsammans-med-inredaren-andrea-brodin-spanat-badrumstrender-for-2024","status":"publish","type":"post","link":"https:\/\/vinklad.se\/index.php\/2024\/03\/11\/geberit-har-tillsammans-med-inredaren-andrea-brodin-spanat-badrumstrender-for-2024\/","title":{"rendered":"Andrea spanar in v\u00e5rens glada badrumstrender"},"content":{"rendered":"<div>\n<p>Poppiga f\u00e4rger, runda former och monokromt \u2013 det \u00e4r n\u00e5gra av de trender inredaren <strong>Andrea Brodin<\/strong> ser <a href=\"https:\/\/www.mynewsdesk.com\/se\/geberit\/pressreleases\/geberit-har-tillsammans-med-inredaren-andrea-brodin-spanat-badrumstrender-foer-2024-3308737\">i badrummet i v\u00e5r<\/a>.<br \/>\n\u2013 Med allt som h\u00e4nder i v\u00e4rlden just nu ser man att lugn och ro i hemmet \u00e4r allt viktigare, vilket vi \u00e4ven nu ser i badrummen.<br \/>\n2024 ser Andrea Brodin att badrummet allt mer \u00e4r ett rum f\u00f6r lugn och harmoni.<br \/>\n\u2013 Att ha ordning och reda i badrummet med hj\u00e4lp av praktisk f\u00f6rvaring \u00e4r n\u00e5got som bidrar till att skapa en harmonisk k\u00e4nsla. Genom att inreda ett badrum monokromt i enhetliga nyanser skapas ett lugn f\u00f6r \u00f6gat och sj\u00e4len.<br \/>\n\u2013 Dessutom bidrar runda former p\u00e5 speglar och tv\u00e4ttst\u00e4ll till ett behagligt intryck.<\/p>\n<p>Ytterligare en av \u00e5rets stora trender \u00e4r det f\u00e4rgglada badrummet med starka prim\u00e4rf\u00e4rger, exempelvis som en klarr\u00f6d v\u00e4gg matchat mot en bl\u00e5 kommod eller en kleinbl\u00e5 blandare.<br \/>\n\u2013 \u00c4ven den klassiska fondv\u00e4ggen g\u00f6r comeback s\u00e5 som en knallgul duschh\u00f6rna.<br \/>\nIfall du vill vara f\u00f6rsiktig med f\u00e4rg men \u00e4nd\u00e5 vill f\u00e5 in det i badrummet g\u00e5r det att satsa p\u00e5 poppiga f\u00e4rger till badrumsfrott\u00e9n, inspirerade av 80-talets glada toner s\u00e5som chockrosa, neongult och giftgr\u00f6nt.<br \/>\nDet milj\u00f6medvetna badrummet i jordiga toner \u00e4r stort 2024 med en f\u00e4rgskala som ist\u00e4llet g\u00e5r i naturens toner d\u00e4r beige och gr\u00f6nt \u00e4r tongivande f\u00e4rger. Det satsas mer p\u00e5 kvalitet genom att g\u00f6ra val med certifierade tr\u00e4slag, sn\u00e5lspolande toaletter och kranar samt att milj\u00f6medvetna val prioriteras allt h\u00f6gre.<\/p>\n<\/div>\n","protected":false},"excerpt":{"rendered":"<p>Poppiga f\u00e4rger, runda former och monokromt \u2013 det \u00e4r n\u00e5gra av de trender inredaren Andrea Brodin ser i badrummet under 2024.<\/p>\n","protected":false},"author":2,"featured_media":66568,"comment_status":"closed","ping_status":"open","sticky":false,"template":"","format":"standard","meta":{"_et_pb_use_builder":"","_et_pb_old_content":"","_et_gb_content_width":"","footnotes":""},"categories":[816],"tags":[7898],"class_list":["post-66566","post","type-post","status-publish","format-standard","has-post-thumbnail","hentry","category-inredning","tag-mynewsdesk","et-has-post-format-content","et_post_format-et-post-format-standard"],"_links":{"self":[{"href":"https:\/\/vinklad.se\/index.php\/wp-json\/wp\/v2\/posts\/66566","targetHints":{"allow":["GET"]}}],"collection":[{"href":"https:\/\/vinklad.se\/index.php\/wp-json\/wp\/v2\/posts"}],"about":[{"href":"https:\/\/vinklad.se\/index.php\/wp-json\/wp\/v2\/types\/post"}],"author":[{"embeddable":true,"href":"https:\/\/vinklad.se\/index.php\/wp-json\/wp\/v2\/users\/2"}],"replies":[{"embeddable":true,"href":"https:\/\/vinklad.se\/index.php\/wp-json\/wp\/v2\/comments?post=66566"}],"version-history":[{"count":0,"href":"https:\/\/vinklad.se\/index.php\/wp-json\/wp\/v2\/posts\/66566\/revisions"}],"wp:featuredmedia":[{"embeddable":true,"href":"https:\/\/vinklad.se\/index.php\/wp-json\/wp\/v2\/media\/66568"}],"wp:attachment":[{"href":"https:\/\/vinklad.se\/index.php\/wp-json\/wp\/v2\/media?parent=66566"}],"wp:term":[{"taxonomy":"category","embeddable":true,"href":"https:\/\/vinklad.se\/index.php\/wp-json\/wp\/v2\/categories?post=66566"},{"taxonomy":"post_tag","embeddable":true,"href":"https:\/\/vinklad.se\/index.php\/wp-json\/wp\/v2\/tags?post=66566"}],"curies":[{"name":"wp","href":"https:\/\/api.w.org\/{rel}","templated":true}]}}