{"id":66587,"date":"2024-03-11T00:00:00","date_gmt":"2024-03-10T23:00:00","guid":{"rendered":"https:\/\/vinklad.se\/?p=66587"},"modified":"2024-03-13T17:26:48","modified_gmt":"2024-03-13T16:26:48","slug":"valkommen-till-en-var-av-mojligheter-hos-ikea","status":"publish","type":"post","link":"https:\/\/vinklad.se\/index.php\/2024\/03\/11\/valkommen-till-en-var-av-mojligheter-hos-ikea\/","title":{"rendered":"Trots v\u00e4dret \u2013\u00a0v\u00e5ren har redan kommit till IKEA"},"content":{"rendered":"<div>\n<div>\n<div>\n<p>Ljust och transparent, tidl\u00f6s bas, organiskt inspirerad samt salt, peppar och zest \u00e4r fyra stilar som genomsyrar <a href=\"https:\/\/via.tt.se\/pressmeddelande\/3416475\/valkommen-till-en-var-av-mojligheter-hos-ikea?publisherId=2111134&amp;lang=sv\">v\u00e5ren hos IKEA<\/a>.<strong><br \/>\n<\/strong>\u2013 Paletten \u00e4r ren, l\u00e4tt och luftig men med lite v\u00e4rme och f\u00e4rger f\u00f6r att lysa upp ditt hem. Allt handlar om att fira det positiva med v\u00e5rs\u00e4songen: den milda luften, det krispiga solljuset och uppvaknandet av naturen med nya knoppar, blad och blommor, s\u00e4ger designer <strong>Emma Prowse<\/strong>.<\/p>\n<\/div>\n<div>\n<div>\n<p>En impressionistisk m\u00e5lning, eller kanske Indiska oceanen precis innan solen glider \u00f6ver horisonten. Vi \u00e4lskar alla de vackra bilder som v\u00e4cks till liv av HOTELLRUM matta.<\/p>\n<figure>\n<div><img decoding=\"async\" src=\"https:\/\/via.tt.se\/data\/images\/public\/2111134\/3416475\/4b668f28-0991-4852-9527-738478f963d3-w_720.jpg\" srcset=\"https:\/\/via.tt.se\/data\/images\/public\/2111134\/3416475\/4b668f28-0991-4852-9527-738478f963d3-w_360.jpg 360w, https:\/\/via.tt.se\/data\/images\/public\/2111134\/3416475\/4b668f28-0991-4852-9527-738478f963d3-w_720.jpg 720w, https:\/\/via.tt.se\/data\/images\/public\/2111134\/3416475\/4b668f28-0991-4852-9527-738478f963d3-w_960.jpg 960w\" alt=\"null\" \/><\/div>\n<\/figure>\n<p>F\u00f6lj med in i den underbart kurviga v\u00e4rlden hos den japanska designern Hiroko Takahashi och hennes sp\u00e4nnande samarbete med IKEA &#8211; S\u00d6TR\u00d6NN pl\u00e4d och kuddfodral.<br \/>\n\u2013 N\u00e4r saker l\u00e4mnas of\u00e4rdiga eller ofullst\u00e4ndiga, finns det utrymme f\u00f6r fantasin att ta plats, s\u00e4ger designer <strong>Hiroko Takahashi<\/strong>.<\/p>\n<figure>\n<div><img decoding=\"async\" src=\"https:\/\/via.tt.se\/data\/images\/public\/2111134\/3416475\/6cd4db20-7779-47f9-bb37-9f92c782c89c-w_720.png\" srcset=\"https:\/\/via.tt.se\/data\/images\/public\/2111134\/3416475\/6cd4db20-7779-47f9-bb37-9f92c782c89c-w_360.png 360w, https:\/\/via.tt.se\/data\/images\/public\/2111134\/3416475\/6cd4db20-7779-47f9-bb37-9f92c782c89c-w_720.png 720w, https:\/\/via.tt.se\/data\/images\/public\/2111134\/3416475\/6cd4db20-7779-47f9-bb37-9f92c782c89c-w_960.png 960w\" alt=\"null\" \/><\/div>\n<\/figure>\n<p>Den sista touchen till en tidl\u00f6s bas. \u00d6knens terrakotta, olivlundarnas gr\u00f6na. En tidl\u00f6s bas som st\u00e5r \u00f6ver alla s\u00e4songsvariationer f\u00e5r nytt liv med skarp svartvit grafik. De delikata linjerna i kombination med mjuka, kupade h\u00f6rn ger kuddfodralet J\u00c4TTEGRAN en k\u00e4nsla av elegans.<\/p>\n<figure>\n<div><img decoding=\"async\" src=\"https:\/\/via.tt.se\/data\/images\/public\/2111134\/3416475\/57cc7f85-5048-4203-a99c-31a99ebeb02f-w_720.jpg\" srcset=\"https:\/\/via.tt.se\/data\/images\/public\/2111134\/3416475\/57cc7f85-5048-4203-a99c-31a99ebeb02f-w_360.jpg 360w, https:\/\/via.tt.se\/data\/images\/public\/2111134\/3416475\/57cc7f85-5048-4203-a99c-31a99ebeb02f-w_720.jpg 720w, https:\/\/via.tt.se\/data\/images\/public\/2111134\/3416475\/57cc7f85-5048-4203-a99c-31a99ebeb02f-w_960.jpg 960w\" alt=\"null\" \/><\/div>\n<\/figure>\n<p><strong><br \/>\n<\/strong>Organiskt inspirerad: L\u00e5t oss v\u00e4lkomna ett utomhusliv inomhus som sammanf\u00f6r olika\u00a0element fr\u00e5n naturen, nyanser av gr\u00f6nt och naturliga texturer f\u00f6r att skapa intryck av en gr\u00f6nskande sommardag. Den dj\u00e4rva stilen p\u00e5 bordsduken N\u00c4BBFISK p\u00e5minner oss om risf\u00e4lt sett fr\u00e5n himlen.<br \/>\nSin behagliga form och de kontrasterande kombinationerna av mj\u00f6lk, skog och gr\u00e4s g\u00f6r PIGG\u00c5L muggar till ett glatt tillskott till vilken tebjudning som helst.<\/p>\n<figure>\n<div><img decoding=\"async\" src=\"https:\/\/via.tt.se\/data\/images\/public\/2111134\/3416475\/fb779197-9007-48d8-a2cf-b507bda488ae-w_720.jpg\" srcset=\"https:\/\/via.tt.se\/data\/images\/public\/2111134\/3416475\/fb779197-9007-48d8-a2cf-b507bda488ae-w_360.jpg 360w, https:\/\/via.tt.se\/data\/images\/public\/2111134\/3416475\/fb779197-9007-48d8-a2cf-b507bda488ae-w_720.jpg 720w, https:\/\/via.tt.se\/data\/images\/public\/2111134\/3416475\/fb779197-9007-48d8-a2cf-b507bda488ae-w_960.jpg 960w\" alt=\"null\" \/><\/div>\n<\/figure>\n<p><strong><br \/>\n<\/strong>Salt, peppar, zest och r\u00e4nder! P\u00e5slakanet SL\u00c5NH\u00d6STMAL \u00e4r en fr\u00e4sch tolkning\u00a0av en ikonisk IKEA stil. Tillverkat av en mjuk blandning av bomull\u00a0och viskos, och med svarta tryckknappar som avslutning blir den\u00a0ett tidl\u00f6st och l\u00e5ngvarigt tillskott i linnesk\u00e5pet.<br \/>\nDen starka svartvita basen i den h\u00e4r passar perfekt f\u00f6r en s\u00e4songsbetonad f\u00f6r\u00e4ndring med enkla f\u00e4rgklickar f\u00f6r att skapa effekt,\u00a0naturmaterial f\u00f6r n\u00e5got lite ov\u00e4ntat och massor av multifunktionella delar f\u00f6r praktisk anv\u00e4ndning.<\/p>\n<p><strong>S\u00e4ljstart: <\/strong>April p\u00e5 IKEA.se och i alla svenska IKEA varuhus.<\/p>\n<\/div>\n<\/div>\n<\/div>\n<\/div>\n","protected":false},"excerpt":{"rendered":"<p>Ljust och transparent, tidl\u00f6s bas, organiskt inspirerad samt salt, peppar och zest \u00e4r fyra stilar som genomsyrar v\u00e5ren hos IKEA.<br \/>\n\u2013 Paletten \u00e4r ren, l\u00e4tt och luftig men med lite v\u00e4rme och f\u00e4rger f\u00f6r att lysa upp ditt hem. Allt handlar om att fira det positiva med v\u00e5rs\u00e4songen: den milda luften, det krispiga solljuset och uppvaknandet av naturen med nya knoppar, blad och blommor, s\u00e4ger designer Emma Prowse.<\/p>\n","protected":false},"author":2,"featured_media":66590,"comment_status":"closed","ping_status":"open","sticky":false,"template":"","format":"standard","meta":{"_et_pb_use_builder":"","_et_pb_old_content":"","_et_gb_content_width":"","footnotes":""},"categories":[816],"tags":[60],"class_list":["post-66587","post","type-post","status-publish","format-standard","has-post-thumbnail","hentry","category-inredning","tag-ikea","et-has-post-format-content","et_post_format-et-post-format-standard"],"_links":{"self":[{"href":"https:\/\/vinklad.se\/index.php\/wp-json\/wp\/v2\/posts\/66587","targetHints":{"allow":["GET"]}}],"collection":[{"href":"https:\/\/vinklad.se\/index.php\/wp-json\/wp\/v2\/posts"}],"about":[{"href":"https:\/\/vinklad.se\/index.php\/wp-json\/wp\/v2\/types\/post"}],"author":[{"embeddable":true,"href":"https:\/\/vinklad.se\/index.php\/wp-json\/wp\/v2\/users\/2"}],"replies":[{"embeddable":true,"href":"https:\/\/vinklad.se\/index.php\/wp-json\/wp\/v2\/comments?post=66587"}],"version-history":[{"count":0,"href":"https:\/\/vinklad.se\/index.php\/wp-json\/wp\/v2\/posts\/66587\/revisions"}],"wp:featuredmedia":[{"embeddable":true,"href":"https:\/\/vinklad.se\/index.php\/wp-json\/wp\/v2\/media\/66590"}],"wp:attachment":[{"href":"https:\/\/vinklad.se\/index.php\/wp-json\/wp\/v2\/media?parent=66587"}],"wp:term":[{"taxonomy":"category","embeddable":true,"href":"https:\/\/vinklad.se\/index.php\/wp-json\/wp\/v2\/categories?post=66587"},{"taxonomy":"post_tag","embeddable":true,"href":"https:\/\/vinklad.se\/index.php\/wp-json\/wp\/v2\/tags?post=66587"}],"curies":[{"name":"wp","href":"https:\/\/api.w.org\/{rel}","templated":true}]}}