{"id":68021,"date":"2025-01-24T10:53:41","date_gmt":"2025-01-24T09:53:41","guid":{"rendered":"https:\/\/vinklad.se\/?p=68021"},"modified":"2025-01-24T10:53:41","modified_gmt":"2025-01-24T09:53:41","slug":"slutblandat-med-korvskinn-och-trosor","status":"publish","type":"post","link":"https:\/\/vinklad.se\/index.php\/2025\/01\/24\/slutblandat-med-korvskinn-och-trosor\/","title":{"rendered":"Slutblandat med korvskinn och trosor"},"content":{"rendered":"<p>Fr\u00e5n och med ny\u00e5rsdagen 2025 f\u00e5r du inte sl\u00e4nga textilier i hush\u00e5llssoporna. Syftet med lagen \u00e4r att g\u00f6ra textilier till en resurs snarare \u00e4n avfall och en del av ett nytt EU-direktiv. Naturv\u00e5rdsverket rapporterar att varje svensk i genomsnitt sl\u00e4nger 7\u20139 kilo textilier per \u00e5r, vilket lagen nu ska f\u00f6rs\u00f6ka \u00e5tg\u00e4rda.<br \/>\nGamla kl\u00e4der, handdukar och andra textilier ska i st\u00e4llet l\u00e4mnas in p\u00e5 \u00e5tervinningscentraler eller i s\u00e4rskilda containrar.<\/p>\n<p>Reformen inneb\u00e4r utmaningar. <strong>Anna-Carin Gripwall<\/strong>, kommunikationschef p\u00e5 Avfall Sverige, s\u00e4ger till <a href=\"https:\/\/www.svd.se\/a\/8q73Mw\/ny-lag-2025-ska-minska-textilsopor-effekt-kan-utebli\">Svenska Dagbladet<\/a>:<br \/>\n\u2013 I grund och botten tycker vi att lagen \u00e4r bra, men det som \u00e4r lite tokigt \u00e4r att den p\u00e5 ett s\u00e4tt kommer i fel ordning.<br \/>\nDet \u00e4r n\u00e4mligen \u00e4nnu oklart vem som ska ansvara f\u00f6r att \u00e5tervinna de insamlade textilierna \u2013 kommunerna eller producenterna. Ett beslut fr\u00e5n EU i fr\u00e5gan v\u00e4ntas, men tidpunkten \u00e4r oklar.<\/p>\n<p>I dagsl\u00e4get finns inte tillr\u00e4cklig kapacitet f\u00f6r textil\u00e5tervinning i Sverige eller EU. Gripwall varnar f\u00f6r att textilier riskerar att &#8220;l\u00e4ggas p\u00e5 h\u00f6g&#8221; tills ett system f\u00f6r ansvar och \u00e5tervinning \u00e4r p\u00e5 plats. Hon till\u00e4gger:<br \/>\n\u2013 P\u00e5 sikt \u00e4r jag dock \u00f6vertygad om att kapaciteten kommer \u00f6ka, men det kr\u00e4vs resurser till forskning och utveckling.<\/p>\n<p>Trots bristerna i genomf\u00f6randet tror Avfall Sverige att lagen kan ha positiva effekter.<br \/>\n\u2013 Folk f\u00e5r upp \u00f6gonen f\u00f6r hur mycket textilier de sl\u00e4nger, vilket kan leda till mer \u00e5terbruk och h\u00e5llbar konsumtion.<br \/>\nhoAnna-Carin Gripwall j\u00e4mf\u00f6r med inf\u00f6randet av matavfallssortering, d\u00e4r m\u00e5nga kommuner s\u00e5g en minskning av matavfall efter \u00f6kad medvetenhet.<\/p>\n<p>Hur du lokalt ska agera med textilier b\u00f6r framg\u00e5 av kommunens hemsida.<\/p>\n","protected":false},"excerpt":{"rendered":"<p>Fr\u00e5n och med ny\u00e5rsdagen 2025 f\u00e5r du inte sl\u00e4nga textilier i hush\u00e5llssoporna. Syftet med lagen \u00e4r att g\u00f6ra textilier till en resurs snarare \u00e4n avfall och en del av ett nytt EU-direktiv.<\/p>\n","protected":false},"author":2,"featured_media":68022,"comment_status":"closed","ping_status":"open","sticky":false,"template":"","format":"standard","meta":{"_et_pb_use_builder":"","_et_pb_old_content":"","_et_gb_content_width":"","footnotes":""},"categories":[10],"tags":[73],"class_list":["post-68021","post","type-post","status-publish","format-standard","has-post-thumbnail","hentry","category-nyheter","tag-miljo","et-has-post-format-content","et_post_format-et-post-format-standard"],"_links":{"self":[{"href":"https:\/\/vinklad.se\/index.php\/wp-json\/wp\/v2\/posts\/68021","targetHints":{"allow":["GET"]}}],"collection":[{"href":"https:\/\/vinklad.se\/index.php\/wp-json\/wp\/v2\/posts"}],"about":[{"href":"https:\/\/vinklad.se\/index.php\/wp-json\/wp\/v2\/types\/post"}],"author":[{"embeddable":true,"href":"https:\/\/vinklad.se\/index.php\/wp-json\/wp\/v2\/users\/2"}],"replies":[{"embeddable":true,"href":"https:\/\/vinklad.se\/index.php\/wp-json\/wp\/v2\/comments?post=68021"}],"version-history":[{"count":0,"href":"https:\/\/vinklad.se\/index.php\/wp-json\/wp\/v2\/posts\/68021\/revisions"}],"wp:featuredmedia":[{"embeddable":true,"href":"https:\/\/vinklad.se\/index.php\/wp-json\/wp\/v2\/media\/68022"}],"wp:attachment":[{"href":"https:\/\/vinklad.se\/index.php\/wp-json\/wp\/v2\/media?parent=68021"}],"wp:term":[{"taxonomy":"category","embeddable":true,"href":"https:\/\/vinklad.se\/index.php\/wp-json\/wp\/v2\/categories?post=68021"},{"taxonomy":"post_tag","embeddable":true,"href":"https:\/\/vinklad.se\/index.php\/wp-json\/wp\/v2\/tags?post=68021"}],"curies":[{"name":"wp","href":"https:\/\/api.w.org\/{rel}","templated":true}]}}