{"id":68322,"date":"2025-03-12T17:19:14","date_gmt":"2025-03-12T16:19:14","guid":{"rendered":"https:\/\/vinklad.se\/?p=68322"},"modified":"2025-03-14T08:16:48","modified_gmt":"2025-03-14T07:16:48","slug":"sa-byggdes-sverige-nu-i-din-tv-apparat","status":"publish","type":"post","link":"https:\/\/vinklad.se\/index.php\/2025\/03\/12\/sa-byggdes-sverige-nu-i-din-tv-apparat\/","title":{"rendered":"S\u00e5 byggdes Sverige \u2013 nu i din TV-apparat"},"content":{"rendered":"<p data-start=\"143\" data-end=\"437\">I h\u00f6st drar SVT ig\u00e5ng den ambiti\u00f6sa dokument\u00e4rserien <em data-start=\"196\" data-end=\"216\">S\u00e5 byggdes Sverige. <\/em>Det blir storsatsning p\u00e5 arkitektur och stadsutveckling med<strong> Mark Isitt<\/strong> och <strong>Gert Wing\u00e5rdh<\/strong> i spetsen. Serien tar med tittarna p\u00e5 en resa genom Sveriges byggda historia \u2013 fr\u00e5n 1920-talets dr\u00f6mhem till framtidens stadsvisioner.<br \/>\n\u2013 Vi vill v\u00e4cka intresse och starta nya samtal om hur Sverige kan formas fram\u00e5t, s\u00e4ger producenten <strong>Johan Liljeroth <\/strong>till\u00a0sajten <a href=\"https:\/\/arkitekten.se\/nyheter\/sveriges-television-storsatsar-pa-arkitektur\/\">Arkitekten.<\/a><\/p>\n<p data-start=\"634\" data-end=\"942\">Programserien, som best\u00e5r av \u00e5tta avsnitt, dyker ner i olika milj\u00f6er som format Sverige \u2013 fr\u00e5n den myllrande storstaden till den idylliska villagatan, bruksortens industriella arv och f\u00f6rortens expansiva f\u00f6r\u00e4ndringar. Tittarna f\u00e5r f\u00f6lja med p\u00e5 en tidsresa d\u00e4r arkitekturens roll i samh\u00e4llet st\u00e4lls i fokus.<br \/>\n\u2013 Arkitektur \u00e4r mer \u00e4n bara byggnader, det \u00e4r en spegel av samh\u00e4llets dr\u00f6mmar och behov, s\u00e4ger Liljeroth.<\/p>\n<p data-start=\"1107\" data-end=\"1357\">M\u00e5lgruppen \u00e4r bred \u2013 du beh\u00f6ver inte vara arkitekt f\u00f6r att uppskatta ber\u00e4ttelsen om hur Sverige formats. Programmet vill engagera och inspirera, oavsett om du bor i en nybyggd l\u00e4genhet, ett klassiskt landsh\u00f6vdingehus eller ett radhus fr\u00e5n 60-talet.<br \/>\n\u2013 Vi hoppas att alla som lever och bor i Sverige ska k\u00e4nna igen sig och fascineras av ber\u00e4ttelsen, s\u00e4ger Liljeroth.<\/p>\n","protected":false},"excerpt":{"rendered":"<p>I h\u00f6st drar SVT ig\u00e5ng den ambiti\u00f6sa dokument\u00e4rserien S\u00e5 byggdes Sverige. Det blir storsatsning p\u00e5 arkitektur och stadsutveckling med Mark Isitt och Gert Wing\u00e5rdh i spetsen.<\/p>\n","protected":false},"author":2,"featured_media":68492,"comment_status":"closed","ping_status":"open","sticky":false,"template":"","format":"standard","meta":{"_et_pb_use_builder":"","_et_pb_old_content":"","_et_gb_content_width":"","footnotes":""},"categories":[10],"tags":[664,314,7977,359],"class_list":["post-68322","post","type-post","status-publish","format-standard","has-post-thumbnail","hentry","category-nyheter","tag-arkitektur","tag-gert-wingardh","tag-noje","tag-svt","et-has-post-format-content","et_post_format-et-post-format-standard"],"_links":{"self":[{"href":"https:\/\/vinklad.se\/index.php\/wp-json\/wp\/v2\/posts\/68322","targetHints":{"allow":["GET"]}}],"collection":[{"href":"https:\/\/vinklad.se\/index.php\/wp-json\/wp\/v2\/posts"}],"about":[{"href":"https:\/\/vinklad.se\/index.php\/wp-json\/wp\/v2\/types\/post"}],"author":[{"embeddable":true,"href":"https:\/\/vinklad.se\/index.php\/wp-json\/wp\/v2\/users\/2"}],"replies":[{"embeddable":true,"href":"https:\/\/vinklad.se\/index.php\/wp-json\/wp\/v2\/comments?post=68322"}],"version-history":[{"count":0,"href":"https:\/\/vinklad.se\/index.php\/wp-json\/wp\/v2\/posts\/68322\/revisions"}],"wp:featuredmedia":[{"embeddable":true,"href":"https:\/\/vinklad.se\/index.php\/wp-json\/wp\/v2\/media\/68492"}],"wp:attachment":[{"href":"https:\/\/vinklad.se\/index.php\/wp-json\/wp\/v2\/media?parent=68322"}],"wp:term":[{"taxonomy":"category","embeddable":true,"href":"https:\/\/vinklad.se\/index.php\/wp-json\/wp\/v2\/categories?post=68322"},{"taxonomy":"post_tag","embeddable":true,"href":"https:\/\/vinklad.se\/index.php\/wp-json\/wp\/v2\/tags?post=68322"}],"curies":[{"name":"wp","href":"https:\/\/api.w.org\/{rel}","templated":true}]}}