{"id":70756,"date":"2026-04-24T13:21:47","date_gmt":"2026-04-24T11:21:47","guid":{"rendered":"https:\/\/vinklad.se\/?p=70756"},"modified":"2026-04-24T13:21:47","modified_gmt":"2026-04-24T11:21:47","slug":"darfor-ska-du-ha-koll-pa-foreningens-belaning","status":"publish","type":"post","link":"https:\/\/vinklad.se\/index.php\/2026\/04\/24\/darfor-ska-du-ha-koll-pa-foreningens-belaning\/","title":{"rendered":"D\u00e4rf\u00f6r ska du ha koll p\u00e5 f\u00f6reningens bel\u00e5ning"},"content":{"rendered":"<p>N\u00e4stan h\u00e4lften av oss som bor i bostadsr\u00e4tt vet inte vilken bel\u00e5ningsgrad v\u00e5r egen f\u00f6rening har. \u00c4nnu fler, 62 procent, vet inte ens p\u00e5 ett ungef\u00e4r vilken r\u00e4nta f\u00f6reningens l\u00e5n ligger p\u00e5. Samtidigt uppger 81 procent att de f\u00e5r tillr\u00e4ckligt med information fr\u00e5n styrelsen.<\/p>\n<p>SBAB pekar ut \u00e5rsredovisningen som helt avg\u00f6rande f\u00f6r den som vill f\u00f6rst\u00e5 hur f\u00f6reningen faktiskt m\u00e5r.<br \/>\n\u2013 \u00c5rsredovisningen \u00e4r det viktigaste dokumentet f\u00f6r att f\u00f6rst\u00e5 hur f\u00f6reningen m\u00e5r ekonomiskt. Att inte l\u00e4sa den \u00e4r lite som att k\u00f6pa en begagnad bil utan att lyfta p\u00e5 motorhuven, s\u00e4ger <strong>Robert Boije<\/strong>, chefsekonom p\u00e5 <a href=\"https:\/\/via.tt.se\/pressmeddelande\/4319779\/manga-bostadsrattsagare-saknar-kunskap-om-foreningens-ekonomi?publisherId=3236046&amp;lang=sv\">SBAB<\/a>.<br \/>\nDet h\u00e4r \u00e4r inte n\u00e5gon liten detalj du b\u00f6r ha koll p\u00e5. F\u00f6reningens l\u00e5n, r\u00e4ntor och framtida kostnader sl\u00e5r i f\u00f6rl\u00e4ngningen mot b\u00e5de avgiften och v\u00e4rdet p\u00e5 bostaden.<\/p>\n<p>SBAB varnar ocks\u00e5 f\u00f6r att m\u00e5nga underskattar kopplingen mellan f\u00f6reningens ekonomi och den egna pl\u00e5nboken.<br \/>\n\u2013 Med tanke p\u00e5 att bostaden \u00e4r en av livets st\u00f6rsta investeringar \u00e4r det lite skr\u00e4mmande att fler inte har b\u00e4ttre koll p\u00e5 ekonomin i sin bostadsr\u00e4ttsf\u00f6rening. Skillnaden mellan till exempel h\u00f6g och l\u00e5g bel\u00e5ning i f\u00f6reningen kan f\u00e5 stora konsekvenser f\u00f6r m\u00e5nadsavgiften vid r\u00e4ntef\u00f6r\u00e4ndringar, s\u00e4ger Robert Boije.<\/p>\n","protected":false},"excerpt":{"rendered":"<p>N\u00e4stan h\u00e4lften av bostadsr\u00e4tts\u00e4garna vet inte hur h\u00f6gt bel\u00e5nad den egna f\u00f6reningen \u00e4r. Samtidigt saknar 62 procent koll p\u00e5 f\u00f6reningens l\u00e5ner\u00e4nta, enligt SBAB.<\/p>\n","protected":false},"author":2,"featured_media":70760,"comment_status":"closed","ping_status":"open","sticky":false,"template":"","format":"standard","meta":{"_et_pb_use_builder":"","_et_pb_old_content":"","_et_gb_content_width":"","footnotes":""},"categories":[5],"tags":[],"class_list":["post-70756","post","type-post","status-publish","format-standard","has-post-thumbnail","hentry","category-ekonomi","et-has-post-format-content","et_post_format-et-post-format-standard"],"_links":{"self":[{"href":"https:\/\/vinklad.se\/index.php\/wp-json\/wp\/v2\/posts\/70756","targetHints":{"allow":["GET"]}}],"collection":[{"href":"https:\/\/vinklad.se\/index.php\/wp-json\/wp\/v2\/posts"}],"about":[{"href":"https:\/\/vinklad.se\/index.php\/wp-json\/wp\/v2\/types\/post"}],"author":[{"embeddable":true,"href":"https:\/\/vinklad.se\/index.php\/wp-json\/wp\/v2\/users\/2"}],"replies":[{"embeddable":true,"href":"https:\/\/vinklad.se\/index.php\/wp-json\/wp\/v2\/comments?post=70756"}],"version-history":[{"count":0,"href":"https:\/\/vinklad.se\/index.php\/wp-json\/wp\/v2\/posts\/70756\/revisions"}],"wp:featuredmedia":[{"embeddable":true,"href":"https:\/\/vinklad.se\/index.php\/wp-json\/wp\/v2\/media\/70760"}],"wp:attachment":[{"href":"https:\/\/vinklad.se\/index.php\/wp-json\/wp\/v2\/media?parent=70756"}],"wp:term":[{"taxonomy":"category","embeddable":true,"href":"https:\/\/vinklad.se\/index.php\/wp-json\/wp\/v2\/categories?post=70756"},{"taxonomy":"post_tag","embeddable":true,"href":"https:\/\/vinklad.se\/index.php\/wp-json\/wp\/v2\/tags?post=70756"}],"curies":[{"name":"wp","href":"https:\/\/api.w.org\/{rel}","templated":true}]}}