{"id":70767,"date":"2026-04-24T12:50:53","date_gmt":"2026-04-24T10:50:53","guid":{"rendered":"https:\/\/vinklad.se\/?p=70767"},"modified":"2026-04-25T09:42:18","modified_gmt":"2026-04-25T07:42:18","slug":"nya-trender-avgor-bostadspriserna-aret-ut","status":"publish","type":"post","link":"https:\/\/vinklad.se\/index.php\/2026\/04\/24\/nya-trender-avgor-bostadspriserna-aret-ut\/","title":{"rendered":"Nya trender avg\u00f6r bostadspriserna \u00e5ret ut"},"content":{"rendered":"<p>R\u00e4ntan, utbudet och hush\u00e5llens ekonomi. Tre faktorer pekas ut som avg\u00f6rande f\u00f6r hur bostadsmarknaden utvecklas n\u00e4sta \u00e5r, skriver <a href=\"https:\/\/www.hemnet.se\/artiklar\/bostadsmarknaden\/2025\/10\/24\/hur-kommer-bostadsmarknaden-se-ut-2026\">Hemnet<\/a> i en ny analys av bostadsmarknaden.<br \/>\nEfter flera \u00e5r av os\u00e4kerhet \u00e4r det fortfarande r\u00e4ntel\u00e4get som s\u00e4tter tonen. N\u00e4r r\u00e4ntorna stabiliseras eller sjunker kan fler hush\u00e5ll f\u00e5 m\u00f6jlighet att agera.<br \/>\n\u2013 R\u00e4ntan \u00e4r den enskilt viktigaste faktorn f\u00f6r bostadsmarknadens utveckling, s\u00e4ger <strong>Erik Holmberg<\/strong>, marknadsanalytiker p\u00e5 Hemnet.<\/p>\n<p>Hemnet pekar inte p\u00e5 n\u00e5gon snabb prisuppg\u00e5ng. I st\u00e4llet handlar det om en mer gradvis utveckling d\u00e4r marknaden stegvis \u00e5terh\u00e4mtar sig.<br \/>\n\u2013 Vi tror p\u00e5 en gradvis \u00e5terh\u00e4mtning snarare \u00e4n en snabb uppg\u00e5ng, s\u00e4ger <strong>Erik Holmberg<\/strong>.<\/p>\n<p>P\u00e5 en punkt har marknaden \u00e4ndrats: K\u00f6parna mer selektiva. Det ekonomiska l\u00e4get har f\u00f6r\u00e4ndrat beteendet p\u00e5 marknaden. Fler hush\u00e5ll g\u00f6r noggrannare kalkyler och st\u00e4ller h\u00f6gre krav.<br \/>\n\u2013 K\u00f6parna \u00e4r mer f\u00f6rsiktiga i dag och st\u00e4ller h\u00f6gre krav, s\u00e4ger <strong>Erik Holmberg<\/strong>.<br \/>\nSamtidigt finns flera faktorer som kan p\u00e5verka utvecklingen. Ekonomin, inflationen och omv\u00e4rldsl\u00e4get kan snabbt f\u00f6r\u00e4ndra f\u00f6ruts\u00e4ttningarna.<\/p>\n<p>\u2013 Det finns fortsatt os\u00e4kerhet kring b\u00e5de ekonomi och omv\u00e4rld, s\u00e4ger <strong>Erik Holmberg<\/strong>.<\/p>\n","protected":false},"excerpt":{"rendered":"<p>R\u00e4ntan, utbudet och hush\u00e5llens ekonomi avg\u00f6r bostadsmarknaden 2026. Enligt Hemnet v\u00e4ntas en f\u00f6rsiktig \u00e5terh\u00e4mtning snarare \u00e4n en snabb uppg\u00e5ng.<\/p>\n","protected":false},"author":2,"featured_media":70770,"comment_status":"closed","ping_status":"open","sticky":false,"template":"","format":"standard","meta":{"_et_pb_use_builder":"","_et_pb_old_content":"","_et_gb_content_width":"","footnotes":""},"categories":[19],"tags":[134],"class_list":["post-70767","post","type-post","status-publish","format-standard","has-post-thumbnail","hentry","category-upp-ner","tag-hemnet","et-has-post-format-content","et_post_format-et-post-format-standard"],"_links":{"self":[{"href":"https:\/\/vinklad.se\/index.php\/wp-json\/wp\/v2\/posts\/70767","targetHints":{"allow":["GET"]}}],"collection":[{"href":"https:\/\/vinklad.se\/index.php\/wp-json\/wp\/v2\/posts"}],"about":[{"href":"https:\/\/vinklad.se\/index.php\/wp-json\/wp\/v2\/types\/post"}],"author":[{"embeddable":true,"href":"https:\/\/vinklad.se\/index.php\/wp-json\/wp\/v2\/users\/2"}],"replies":[{"embeddable":true,"href":"https:\/\/vinklad.se\/index.php\/wp-json\/wp\/v2\/comments?post=70767"}],"version-history":[{"count":0,"href":"https:\/\/vinklad.se\/index.php\/wp-json\/wp\/v2\/posts\/70767\/revisions"}],"wp:featuredmedia":[{"embeddable":true,"href":"https:\/\/vinklad.se\/index.php\/wp-json\/wp\/v2\/media\/70770"}],"wp:attachment":[{"href":"https:\/\/vinklad.se\/index.php\/wp-json\/wp\/v2\/media?parent=70767"}],"wp:term":[{"taxonomy":"category","embeddable":true,"href":"https:\/\/vinklad.se\/index.php\/wp-json\/wp\/v2\/categories?post=70767"},{"taxonomy":"post_tag","embeddable":true,"href":"https:\/\/vinklad.se\/index.php\/wp-json\/wp\/v2\/tags?post=70767"}],"curies":[{"name":"wp","href":"https:\/\/api.w.org\/{rel}","templated":true}]}}