{"id":70788,"date":"2026-04-24T12:33:46","date_gmt":"2026-04-24T10:33:46","guid":{"rendered":"https:\/\/vinklad.se\/?p=70788"},"modified":"2026-04-24T12:35:42","modified_gmt":"2026-04-24T10:35:42","slug":"vapen-mot-gangen-folkbokforingen-styrs-upp","status":"publish","type":"post","link":"https:\/\/vinklad.se\/index.php\/2026\/04\/24\/vapen-mot-gangen-folkbokforingen-styrs-upp\/","title":{"rendered":"Vapen mot g\u00e4ngen: Folkbokf\u00f6ring styrs upp"},"content":{"rendered":"<p>Regeringen vill ge Skatteverket m\u00f6jlighet att lagra biometriska uppgifter som fingeravtryck och ansiktsbilder i samband med identitetskontroller. Syftet \u00e4r att f\u00f6rb\u00e4ttra folkbokf\u00f6ringen och minska risken f\u00f6r identitetsmissbruk.<br \/>\n\u2013 Felaktig folkbokf\u00f6ring och identitetsmissbruk anv\u00e4nds systematiskt inom organiserad brottslighet, menar regeringen.<\/p>\n<p>N\u00e4r Skatteverket kontrollerar en persons identitet ska myndigheten kunna ta och spara fingeravtryck och ansiktsbilder. Uppgifterna ska sedan kunna anv\u00e4ndas vid framtida kontroller f\u00f6r att s\u00e4kerst\u00e4lla att personen inte registreras under fler \u00e4n en identitet.<br \/>\n\u2013 Med starkare verktyg mot identitetsmissbruk kan vi motverka bedr\u00e4gerier, bidragsfusk och v\u00e4lf\u00e4rdsbrott. Med hj\u00e4lp av ansiktsbilder och fingeravtryck kan myndigheterna s\u00e4kerst\u00e4lla att personen de m\u00f6ter ocks\u00e5 \u00e4r den som han eller hon utger sig f\u00f6r att vara, forts\u00e4tter <strong>Erik Slottner<\/strong>, civilminister.<\/p>\n<p>Regeringen f\u00f6resl\u00e5r ocks\u00e5 ett nytt brott: fr\u00e4mjande av oriktig folkbokf\u00f6ring. Det ska omfatta den som aktivt g\u00f6r det m\u00f6jligt f\u00f6r n\u00e5gon att l\u00e4mna en felaktig uppgift till Skatteverket, till exempel om var n\u00e5gon bor.<\/p>\n<p>Lag\u00e4ndringarna f\u00f6resl\u00e5s tr\u00e4da i kraft den 1 december 2026.<\/p>\n","protected":false},"excerpt":{"rendered":"<p>Regeringen vill ge Skatteverket r\u00e4tt att spara fingeravtryck och ansiktsbilder vid identitetskontroller. F\u00f6rslaget \u00e4r en del av arbetet mot identitetsmissbruk och felaktig folkbokf\u00f6ring.<\/p>\n","protected":false},"author":2,"featured_media":70789,"comment_status":"closed","ping_status":"open","sticky":false,"template":"","format":"standard","meta":{"_et_pb_use_builder":"","_et_pb_old_content":"","_et_gb_content_width":"","footnotes":""},"categories":[10],"tags":[5822],"class_list":["post-70788","post","type-post","status-publish","format-standard","has-post-thumbnail","hentry","category-nyheter","tag-regeringen","et-has-post-format-content","et_post_format-et-post-format-standard"],"_links":{"self":[{"href":"https:\/\/vinklad.se\/index.php\/wp-json\/wp\/v2\/posts\/70788","targetHints":{"allow":["GET"]}}],"collection":[{"href":"https:\/\/vinklad.se\/index.php\/wp-json\/wp\/v2\/posts"}],"about":[{"href":"https:\/\/vinklad.se\/index.php\/wp-json\/wp\/v2\/types\/post"}],"author":[{"embeddable":true,"href":"https:\/\/vinklad.se\/index.php\/wp-json\/wp\/v2\/users\/2"}],"replies":[{"embeddable":true,"href":"https:\/\/vinklad.se\/index.php\/wp-json\/wp\/v2\/comments?post=70788"}],"version-history":[{"count":0,"href":"https:\/\/vinklad.se\/index.php\/wp-json\/wp\/v2\/posts\/70788\/revisions"}],"wp:featuredmedia":[{"embeddable":true,"href":"https:\/\/vinklad.se\/index.php\/wp-json\/wp\/v2\/media\/70789"}],"wp:attachment":[{"href":"https:\/\/vinklad.se\/index.php\/wp-json\/wp\/v2\/media?parent=70788"}],"wp:term":[{"taxonomy":"category","embeddable":true,"href":"https:\/\/vinklad.se\/index.php\/wp-json\/wp\/v2\/categories?post=70788"},{"taxonomy":"post_tag","embeddable":true,"href":"https:\/\/vinklad.se\/index.php\/wp-json\/wp\/v2\/tags?post=70788"}],"curies":[{"name":"wp","href":"https:\/\/api.w.org\/{rel}","templated":true}]}}