{"id":70826,"date":"2026-04-24T13:10:01","date_gmt":"2026-04-24T11:10:01","guid":{"rendered":"https:\/\/vinklad.se\/?p=70826"},"modified":"2026-04-24T13:10:24","modified_gmt":"2026-04-24T11:10:24","slug":"upplev-tabys-varme-vid-valborgs-brasor","status":"publish","type":"post","link":"https:\/\/vinklad.se\/index.php\/2026\/04\/24\/upplev-tabys-varme-vid-valborgs-brasor\/","title":{"rendered":"Upplev T\u00e4bys v\u00e4rme vid Valborgs alla brasor"},"content":{"rendered":"<div class=\"container-fluid\">\n<div class=\"row\">\n<div class=\"col-xs-12 col-sm-8\">\n<p>Doften fr\u00e5n majbrasan, k\u00f6rs\u00e5ng i v\u00e5rkv\u00e4llen och m\u00e4nniskor som samlas f\u00f6r att fira att ljuset \u00e4r tillbaka. Valborg i T\u00e4by \u00e4r en kv\u00e4ll m\u00e5nga tycker om och i \u00e5r anordnas firanden p\u00e5 flera platser d\u00e4r T\u00e4bybor sjunger in v\u00e5ren tillsammans.<br \/>\nSamtidigt \u00e4r valborg en kv\u00e4ll d\u00e5 m\u00e5nga unga provar alkohol f\u00f6r f\u00f6rsta g\u00e5ngen. D\u00e4rf\u00f6r \u00e4r vuxenn\u00e4rvaro extra viktig. Som f\u00f6r\u00e4lder eller annan vuxen g\u00f6r man stor skillnad genom att finnas p\u00e5 plats och bidra till en trygg kv\u00e4ll.<\/p>\n<p><strong>Skarp\u00e4ng: <\/strong>Valborgsfirande med brasa och inledande fackelt\u00e5g fr\u00e5n Forsv\u00e4gen 3 via R\u00f6sj\u00f6v\u00e4gen och Sollentunav\u00e4gen.<br \/>\n<strong>Var:\u00a0<\/strong>M\u00f6rtsj\u00f6toppen<br \/>\n<strong>N\u00e4r:<\/strong> 18.30\u201323.00.<br \/>\n<strong>Arrang\u00f6r<\/strong>: Skarp\u00e4ngsf\u00f6reningen.<\/p>\n<\/div>\n<\/div>\n<\/div>\n<div class=\"item-info show-all\">\n<p><strong>Grindtorp: <\/strong>Valborgsfirande med brasa, s\u00e5ng och v\u00e5rtal.<br \/>\n<strong>Var<\/strong>: Marstorget vid Grindtorpskyrkans entr\u00e9, adress: Grindtorps skolgr\u00e4nd 4.<br \/>\n<strong>N\u00e4r<\/strong>: 20.00\u201323.00.<br \/>\n<strong>Arrang\u00f6r<\/strong>: Grindtorpsskyrkan.<\/p>\n<p><strong>Viggbyholm: <\/strong>Valborgsfirande med brasa.<br \/>\n<strong>Var:<\/strong>\u00a0Viggbydalen f\u00e4ltet mellan Djursholmsv\u00e4gen och Sk\u00f6rdev\u00e4gen<br \/>\n<strong>N\u00e4r:<\/strong>\u00a0klockan 19.00\u201322.00.<br \/>\n<strong>Arrang\u00f6r:<\/strong>\u00a0Viggbyholms Villa\u00e4garef\u00f6rening<\/p>\n<p><strong>\u00d6stra vallabrink\/Visinge: <\/strong>Valborgsfirande med fackelt\u00e5g, brasa och k\u00f6rs\u00e5ng.<br \/>\n<strong>Var<\/strong>: \u201dTippen\u201d mellan \u00d6stra Vallabrink i Erikslund och Visinge.<br \/>\n<strong>N\u00e4r<\/strong>: ca 20.30\u201323.00<br \/>\n<strong>Arrang\u00f6r:<\/strong>\u00a0Ensta park byalag.<\/p>\n<p><strong>Ensta:<\/strong> Traditionsenligt valborgsfirande med inledande fackelt\u00e5g och brasa.<br \/>\n<strong>Var<\/strong>: Vid vattentornet, Junkerv\u00e4gen 25 i Ensta.<br \/>\n<strong>N\u00e4r<\/strong>:\u00a0 ca 20.40-21.00 (samling vid F\u00e5f\u00e4ngan). Brasan t\u00e4nds cirka klockan 20.30.<br \/>\n<strong>Arrang\u00f6r:<\/strong>\u00a0Enstaparks byalag<\/p>\n<p><strong>Ellag\u00e5rd: <\/strong>Valborsfirande med majbrasa.<br \/>\n<strong>Var<\/strong>: Ellavallen\/parken mellan Skiftesv\u00e4gen, Kl\u00f6vjev\u00e4gen och Polov\u00e4gen, i Ellag\u00e5rd.<br \/>\n<strong>N\u00e4r<\/strong>: V\u00e4nligen kontakta Ellag\u00e5rds byalag f\u00f6r mer information.<br \/>\n<strong>Arrang\u00f6r<\/strong>: Ellag\u00e5rds byalag<\/p>\n<p><strong>T\u00e4by kyrkby: <\/strong>Valborgsm\u00e4ssofirande med fackelt\u00e5g, tal, brasa och musik.<br \/>\n<strong>Var:<\/strong>\u00a0Sandborgs\u00e4ngen i Byle.<br \/>\n<strong>N\u00e4r:<\/strong>\u00a019.30\u201322.00.<br \/>\n<strong>Arrang\u00f6r:<\/strong>\u00a0T\u00e4by kyrkbys scoutk\u00e5r.<\/p>\n<p><strong>M\u00f6tesplatser f\u00f6r unga: <\/strong>P\u00e5 valborgsm\u00e4ssoafton h\u00e5ller flera m\u00f6tesplatser f\u00f6r unga \u00f6ppet till klockan 23.00. H\u00e4r kan de tr\u00e4ffas och umg\u00e5s f\u00f6r att fika och delta i gemensamma aktiviteter.<\/p>\n<p><strong>M\u00f6tesplatsen H\u00f6rnet<\/strong><br \/>\nAdress: Biblioteksg\u00e5ngen 1, T\u00e4by centrum.<br \/>\nM\u00e5lgrupp: 13\u201316 \u00e5r.<br \/>\nMer information:\u00a0<a href=\"http:\/\/taby.se\/hornet\">taby.se\/hornet<\/a><\/p>\n<p><strong>M\u00f6tesplatsen Myran<\/strong><br \/>\nAdress: Kl\u00f6vervallsv\u00e4gen 81 A i Vallatorp.<br \/>\nM\u00e5lgrupp: 13\u201316 \u00e5r.<br \/>\nMer information:\u00a0<a href=\"http:\/\/taby.se\/myran\">taby.se\/myran<\/a><\/p>\n<p><strong>M\u00f6tesplatsen Gribby<\/strong><br \/>\nAdress: Linbastuv\u00e4gen 1 i Gribbylund.<br \/>\nM\u00e5lgrupp: 13\u201316 \u00e5r.<br \/>\nMer information:\u00a0<a href=\"http:\/\/taby.se\/gribby\">taby.se\/gribby<\/a><\/p>\n<p><strong>M\u00f6tesplatsen Esplanad<\/strong><br \/>\nAdress: Esplanaden 13A, T\u00e4by Torg\/T\u00e4by centrum.<br \/>\nM\u00e5lgrupp: 16\u201321 \u00e5r.<br \/>\nMer info:\u00a0<a href=\"http:\/\/taby.se\/esplanad.\">taby.se\/esplanad.<\/a><\/p>\n<\/div>\n","protected":false},"excerpt":{"rendered":"<p>Doften fr\u00e5n majbrasan, k\u00f6rs\u00e5ng i v\u00e5rkv\u00e4llen och m\u00e4nniskor som samlas f\u00f6r att fira att ljuset \u00e4r tillbaka. Valborg i T\u00e4by \u00e4r en kv\u00e4ll m\u00e5nga tycker om och i \u00e5r anordnas firanden p\u00e5 flera platser d\u00e4r T\u00e4bybor sjunger in v\u00e5ren tillsammans.<\/p>\n","protected":false},"author":2,"featured_media":64133,"comment_status":"closed","ping_status":"open","sticky":false,"template":"","format":"standard","meta":{"_et_pb_use_builder":"","_et_pb_old_content":"","_et_gb_content_width":"","footnotes":""},"categories":[815],"tags":[7862],"class_list":["post-70826","post","type-post","status-publish","format-standard","has-post-thumbnail","hentry","category-taby-stockholm-lokalanyheter","tag-valborg","et-has-post-format-content","et_post_format-et-post-format-standard"],"_links":{"self":[{"href":"https:\/\/vinklad.se\/index.php\/wp-json\/wp\/v2\/posts\/70826","targetHints":{"allow":["GET"]}}],"collection":[{"href":"https:\/\/vinklad.se\/index.php\/wp-json\/wp\/v2\/posts"}],"about":[{"href":"https:\/\/vinklad.se\/index.php\/wp-json\/wp\/v2\/types\/post"}],"author":[{"embeddable":true,"href":"https:\/\/vinklad.se\/index.php\/wp-json\/wp\/v2\/users\/2"}],"replies":[{"embeddable":true,"href":"https:\/\/vinklad.se\/index.php\/wp-json\/wp\/v2\/comments?post=70826"}],"version-history":[{"count":0,"href":"https:\/\/vinklad.se\/index.php\/wp-json\/wp\/v2\/posts\/70826\/revisions"}],"wp:featuredmedia":[{"embeddable":true,"href":"https:\/\/vinklad.se\/index.php\/wp-json\/wp\/v2\/media\/64133"}],"wp:attachment":[{"href":"https:\/\/vinklad.se\/index.php\/wp-json\/wp\/v2\/media?parent=70826"}],"wp:term":[{"taxonomy":"category","embeddable":true,"href":"https:\/\/vinklad.se\/index.php\/wp-json\/wp\/v2\/categories?post=70826"},{"taxonomy":"post_tag","embeddable":true,"href":"https:\/\/vinklad.se\/index.php\/wp-json\/wp\/v2\/tags?post=70826"}],"curies":[{"name":"wp","href":"https:\/\/api.w.org\/{rel}","templated":true}]}}