{"id":70869,"date":"2026-04-25T09:09:49","date_gmt":"2026-04-25T07:09:49","guid":{"rendered":"https:\/\/vinklad.se\/?p=70869"},"modified":"2026-04-25T17:13:53","modified_gmt":"2026-04-25T15:13:53","slug":"foretagandet-rusar-i-borlange","status":"publish","type":"post","link":"https:\/\/vinklad.se\/index.php\/2026\/04\/25\/foretagandet-rusar-i-borlange\/","title":{"rendered":"F\u00f6retagandet rusar i Borl\u00e4nge"},"content":{"rendered":"<p>Nyf\u00f6retagandet \u00f6kar i Borl\u00e4nge. Under \u00e5rets f\u00f6rsta kvartal steg antalet nystartade f\u00f6retag med 53,3 procent j\u00e4mf\u00f6rt med samma period f\u00f6rra \u00e5ret. Det \u00e4r betydligt mer \u00e4n b\u00e5de Dalarna, d\u00e4r \u00f6kningen var 25,8 procent, och Sverige som helhet, d\u00e4r \u00f6kningen l\u00e5g p\u00e5 22,8 procent.<\/p>\n<p>\u2013 Borl\u00e4nge g\u00e5r som t\u00e5get och det \u00e4r vi verkligen glada f\u00f6r, s\u00e4ger <strong>Per Sj\u00f6lander<\/strong>, n\u00e4ringslivschef i Borl\u00e4nge kommun, till <a href=\"https:\/\/www.siljannews.se\/borlange\/nu-okar-foretagandet-kraftigt\/\">Siljan News<\/a><a href=\"https:\/\/www.siljannews.se\/borlange\/nu-okar-foretagandet-kraftigt\/\">.<\/a><br \/>\n\u2013 Vi har ett uppmuntrande klimat och stor hj\u00e4lp av Nyf\u00f6retagarcentrum d\u00e4r samarbetet fungerar v\u00e4ldigt bra<\/p>\n<p>Borl\u00e4nges n\u00e4ringsliv har blivit bredare. I dag finns fler branscher representerade, bland annat bygg, IT, industri, transport och logistik.<br \/>\nBorl\u00e4nge uts\u00e5gs 2024 till \u00e5rets nyf\u00f6retagarkommun i Sverige. Nu vill kommunen forts\u00e4tta bygga vidare, inte minst genom att f\u00e5nga upp unga som visar intresse f\u00f6r f\u00f6retagande.<br \/>\n\u2013 Vi har g\u00e5tt fr\u00e5n en renodlad industristad till en stad d\u00e4r m\u00e5nga olika branscher trivs och frodas, s\u00e4ger <strong>Per Sj\u00f6lander<\/strong>.<\/p>\n","protected":false},"excerpt":{"rendered":"<p>Nyf\u00f6retagandet i Borl\u00e4nge \u00f6kade med 53,3 procent under \u00e5rets f\u00f6rsta kvartal. Det \u00e4r mer \u00e4n dubbelt s\u00e5 mycket som \u00f6kningen i Sverige som helhet.<\/p>\n","protected":false},"author":2,"featured_media":70871,"comment_status":"closed","ping_status":"open","sticky":false,"template":"","format":"standard","meta":{"_et_pb_use_builder":"","_et_pb_old_content":"","_et_gb_content_width":"","footnotes":""},"categories":[814],"tags":[],"class_list":["post-70869","post","type-post","status-publish","format-standard","has-post-thumbnail","hentry","category-borlange-lokalanyheter","et-has-post-format-content","et_post_format-et-post-format-standard"],"_links":{"self":[{"href":"https:\/\/vinklad.se\/index.php\/wp-json\/wp\/v2\/posts\/70869","targetHints":{"allow":["GET"]}}],"collection":[{"href":"https:\/\/vinklad.se\/index.php\/wp-json\/wp\/v2\/posts"}],"about":[{"href":"https:\/\/vinklad.se\/index.php\/wp-json\/wp\/v2\/types\/post"}],"author":[{"embeddable":true,"href":"https:\/\/vinklad.se\/index.php\/wp-json\/wp\/v2\/users\/2"}],"replies":[{"embeddable":true,"href":"https:\/\/vinklad.se\/index.php\/wp-json\/wp\/v2\/comments?post=70869"}],"version-history":[{"count":0,"href":"https:\/\/vinklad.se\/index.php\/wp-json\/wp\/v2\/posts\/70869\/revisions"}],"wp:featuredmedia":[{"embeddable":true,"href":"https:\/\/vinklad.se\/index.php\/wp-json\/wp\/v2\/media\/70871"}],"wp:attachment":[{"href":"https:\/\/vinklad.se\/index.php\/wp-json\/wp\/v2\/media?parent=70869"}],"wp:term":[{"taxonomy":"category","embeddable":true,"href":"https:\/\/vinklad.se\/index.php\/wp-json\/wp\/v2\/categories?post=70869"},{"taxonomy":"post_tag","embeddable":true,"href":"https:\/\/vinklad.se\/index.php\/wp-json\/wp\/v2\/tags?post=70869"}],"curies":[{"name":"wp","href":"https:\/\/api.w.org\/{rel}","templated":true}]}}