{"id":70872,"date":"2026-04-25T09:07:59","date_gmt":"2026-04-25T07:07:59","guid":{"rendered":"https:\/\/vinklad.se\/?p=70872"},"modified":"2026-04-25T17:33:07","modified_gmt":"2026-04-25T15:33:07","slug":"tradgardshelg-i-tallberg-med-utsikt-over-siljan","status":"publish","type":"post","link":"https:\/\/vinklad.se\/index.php\/2026\/04\/25\/tradgardshelg-i-tallberg-med-utsikt-over-siljan\/","title":{"rendered":"Tr\u00e4dg\u00e5rdshelg i T\u00e4llberg med k\u00e4nda experter"},"content":{"rendered":"<p>Dalarnas Tr\u00e4dg\u00e5rds- och Hantverksm\u00e4ssa arrangeras den 8\u201310 maj 2026 vid Hotell Villa L\u00e5ngbers i T\u00e4llberg. M\u00e4ssan h\u00e5lls utomhus i tr\u00e4dg\u00e5rdsmilj\u00f6, med grusg\u00e5ngar, tr\u00e4d och utsikt \u00f6ver Siljan.<br \/>\n\u2013 Ett dragpl\u00e5ster \u00e4r den engelske tr\u00e4dg\u00e5rdsprofilen <strong>Charles Dowding<\/strong>, som f\u00f6rel\u00e4ser den 9 maj om <a href=\"https:\/\/www.blomsterlandet.se\/tips-rad\/tradgard\/jord-godsel\/no-dig-latmaskens-odling\/\">No-Dig<\/a> och kompost.<\/p>\n<p>M\u00e4ssan beskrivs som mer \u00e4n en vanlig m\u00e4ssa. H\u00e4r handlar det om tr\u00e4dg\u00e5rdsliv i r\u00e4tt milj\u00f6, med lokala smaker, hantverk och konkreta r\u00e5d f\u00f6r den som vill komma i g\u00e5ng med \u00e5rets utes\u00e4song.<br \/>\nBland kunniga tr\u00e4dg\u00e5rdsm\u00e4stare finns ocks\u00e5 <strong>Linda Schil\u00e9n<\/strong> och <strong>Nathalie Ling<\/strong>.<br \/>\n\u2013 Programmet inneh\u00e5ller f\u00f6rel\u00e4sningar, praktiska demonstrationer och workshops om jord, kompost, mikroliv, odling och tr\u00e4dg\u00e5rdsdesign.<\/p>\n<p>M\u00e4ssan \u00e4r \u00f6ppen fredag 8 maj och l\u00f6rdag 9 maj klockan 10.00\u201317.00. P\u00e5 s\u00f6ndagen den 10 maj \u00e4r det \u00f6ppet klockan 10.00\u201316.00. F\u00f6rk\u00f6psbiljett kostar 120 kronor fredag och l\u00f6rdag och 100 kronor p\u00e5 s\u00f6ndagen. Barn under 16 \u00e5r g\u00e5r in gratis i betalande vuxens s\u00e4llskap.<\/p>\n<p><a href=\"https:\/\/www.tradgardochhantverk.se\/program\/\">Hela programmet hittar du h\u00e4r &gt;&gt;&gt;<\/a><\/p>\n","protected":false},"excerpt":{"rendered":"<p>Dalarnas Tr\u00e4dg\u00e5rds- och Hantverksm\u00e4ssa arrangeras den 8\u201310 maj 2026 vid Hotell Villa L\u00e5ngbers i T\u00e4llberg. P\u00e5 programmet finns bland andra Charles Dowding, Linda Schil\u00e9n och Nathalie Ling.<\/p>\n","protected":false},"author":2,"featured_media":70873,"comment_status":"closed","ping_status":"open","sticky":false,"template":"","format":"standard","meta":{"_et_pb_use_builder":"","_et_pb_old_content":"","_et_gb_content_width":"","footnotes":""},"categories":[814],"tags":[],"class_list":["post-70872","post","type-post","status-publish","format-standard","has-post-thumbnail","hentry","category-borlange-lokalanyheter","et-has-post-format-content","et_post_format-et-post-format-standard"],"_links":{"self":[{"href":"https:\/\/vinklad.se\/index.php\/wp-json\/wp\/v2\/posts\/70872","targetHints":{"allow":["GET"]}}],"collection":[{"href":"https:\/\/vinklad.se\/index.php\/wp-json\/wp\/v2\/posts"}],"about":[{"href":"https:\/\/vinklad.se\/index.php\/wp-json\/wp\/v2\/types\/post"}],"author":[{"embeddable":true,"href":"https:\/\/vinklad.se\/index.php\/wp-json\/wp\/v2\/users\/2"}],"replies":[{"embeddable":true,"href":"https:\/\/vinklad.se\/index.php\/wp-json\/wp\/v2\/comments?post=70872"}],"version-history":[{"count":0,"href":"https:\/\/vinklad.se\/index.php\/wp-json\/wp\/v2\/posts\/70872\/revisions"}],"wp:featuredmedia":[{"embeddable":true,"href":"https:\/\/vinklad.se\/index.php\/wp-json\/wp\/v2\/media\/70873"}],"wp:attachment":[{"href":"https:\/\/vinklad.se\/index.php\/wp-json\/wp\/v2\/media?parent=70872"}],"wp:term":[{"taxonomy":"category","embeddable":true,"href":"https:\/\/vinklad.se\/index.php\/wp-json\/wp\/v2\/categories?post=70872"},{"taxonomy":"post_tag","embeddable":true,"href":"https:\/\/vinklad.se\/index.php\/wp-json\/wp\/v2\/tags?post=70872"}],"curies":[{"name":"wp","href":"https:\/\/api.w.org\/{rel}","templated":true}]}}